{"id":358,"date":"2011-08-31T01:22:00","date_gmt":"2011-08-31T01:22:00","guid":{"rendered":"http:\/\/www.toque-musicall.com\/?p=358"},"modified":"2011-08-31T01:22:00","modified_gmt":"2011-08-31T01:22:00","slug":"musica-na-corte-brasileira-vol-2-na-corte-de-d-joao-vi-1965","status":"publish","type":"post","link":"https:\/\/www.toque-musicall.com\/?p=358","title":{"rendered":"M\u00fasica Na Corte Brasileira Vol. 2 &#8211; Na Corte De D. Jo\u00e3o VI (1965)"},"content":{"rendered":"<div style=\"clear: both; text-align: center;\"><a href=\"http:\/\/3.bp.blogspot.com\/-MNteWYE5L50\/Tl17DzSDARI\/AAAAAAAAIRI\/9tTZZ2w6Dvk\/s1600\/folder.jpg\" style=\"margin-left: 1em; margin-right: 1em;\"><img loading=\"lazy\" decoding=\"async\" border=\"0\" height=\"398\" src=\"http:\/\/3.bp.blogspot.com\/-MNteWYE5L50\/Tl17DzSDARI\/AAAAAAAAIRI\/9tTZZ2w6Dvk\/s400\/folder.jpg\" width=\"400\" \/><\/a><\/div>\n<p>Boa noite, amigos cultos e ocultos! Custei, mas cheguei! Hoje vamos com o segundo volume desta s\u00e9rie rara, que, com toda certeza, desde o seu lan\u00e7amento nunca mais foi ouvida. Vejam voc\u00eas, o que seria de discos como esses, de compositores, m\u00fasicos e outros artistas do passado, se n\u00e3o houvessem aqueles, como eu, que resolveram fazer o que quem deveria n\u00e3o fez, ou n\u00e3o quer fazer? Quando, alguns dos amigos aqui, teriam a oportunidade de ouvir um disco como este? Sinceramente, n\u00e3o fosse essa &#8216;anarquia organizada&#8217;, muito do que j\u00e1 \u00a0passou continuaria enterrado e esquecido. Putz, aqui estou eu batendo nas mesmas teclas, repetindo oque voc\u00eas j\u00e1 est\u00e3o cansados de saber. Melhor \u00e9 n\u00f3s nos preocuparmos com o que temos aqui.<br \/>Neste segundo volume da &#8220;M\u00fasica na Corte Brasileira&#8221;, encontraremos pe\u00e7as do Padre Jos\u00e9 Maur\u00edcio, Marcos Portugal, Antonio Jos\u00e9 do R\u00eago e Antonio Leite da Silva, nomes dos mais expressivos no cen\u00e1rio m\u00fasical do Brasil Coroa. Como no volume anterior, temos a Orquestra Sinf\u00f4nica Nacional da R\u00e1dio MEC, sob a reg\u00eancia do Maestro Alceo Bocchino.<\/p>\n<div style=\"text-align: center;\">zemira (abertura) &#8211; jos\u00e9 maur\u00edcio<\/div>\n<div style=\"text-align: center;\">te deum &#8211; jos\u00e9 maur\u00edcio<\/div>\n<div style=\"text-align: center;\">abertura n\u00ba 16 &#8211; marcos portugal<\/div>\n<div style=\"text-align: center;\">ora adeus senhora ulina &#8211; antonio jos\u00e9 do r\u00eago e caldas barbosa<\/div>\n<div style=\"text-align: center;\">beijo a m\u00e3o que me condena &#8211; jos\u00e9 maur\u00edcio<\/div>\n<div style=\"text-align: center;\">hino para a aclama\u00e7\u00e3o de d. jo\u00e3o VI &#8211; marcos portugal<\/div>\n<div style=\"text-align: center;\"><\/div>\n<div style=\"text-align: center;\">\u00a0\u00a0<\/div>\n","protected":false},"excerpt":{"rendered":"<p>Boa noite, amigos cultos e ocultos! Custei, mas cheguei! Hoje vamos com o segundo volume desta s\u00e9rie rara, que, com toda certeza, desde o seu lan\u00e7amento nunca mais foi ouvida. Vejam voc\u00eas, o que seria de discos como esses, de &hellip; <a href=\"https:\/\/www.toque-musicall.com\/?p=358\">Continue lendo <span class=\"meta-nav\">&rarr;<\/span><\/a><\/p>\n","protected":false},"author":1,"featured_media":0,"comment_status":"open","ping_status":"closed","sticky":false,"template":"","format":"standard","meta":{"footnotes":""},"categories":[528,529],"tags":[],"class_list":["post-358","post","type-post","status-publish","format-standard","hentry","category-musica-na-corte-brasileira","category-selo-angel"],"_links":{"self":[{"href":"https:\/\/www.toque-musicall.com\/index.php?rest_route=\/wp\/v2\/posts\/358","targetHints":{"allow":["GET"]}}],"collection":[{"href":"https:\/\/www.toque-musicall.com\/index.php?rest_route=\/wp\/v2\/posts"}],"about":[{"href":"https:\/\/www.toque-musicall.com\/index.php?rest_route=\/wp\/v2\/types\/post"}],"author":[{"embeddable":true,"href":"https:\/\/www.toque-musicall.com\/index.php?rest_route=\/wp\/v2\/users\/1"}],"replies":[{"embeddable":true,"href":"https:\/\/www.toque-musicall.com\/index.php?rest_route=%2Fwp%2Fv2%2Fcomments&post=358"}],"version-history":[{"count":0,"href":"https:\/\/www.toque-musicall.com\/index.php?rest_route=\/wp\/v2\/posts\/358\/revisions"}],"wp:attachment":[{"href":"https:\/\/www.toque-musicall.com\/index.php?rest_route=%2Fwp%2Fv2%2Fmedia&parent=358"}],"wp:term":[{"taxonomy":"category","embeddable":true,"href":"https:\/\/www.toque-musicall.com\/index.php?rest_route=%2Fwp%2Fv2%2Fcategories&post=358"},{"taxonomy":"post_tag","embeddable":true,"href":"https:\/\/www.toque-musicall.com\/index.php?rest_route=%2Fwp%2Fv2%2Ftags&post=358"}],"curies":[{"name":"wp","href":"https:\/\/api.w.org\/{rel}","templated":true}]}}