{"id":3583,"date":"2013-11-16T19:05:02","date_gmt":"2013-11-16T21:05:02","guid":{"rendered":"http:\/\/www.toque-musicall.com\/?p=3583"},"modified":"2013-11-16T19:05:02","modified_gmt":"2013-11-16T21:05:02","slug":"baden-powell-vinicius-de-moraes-os-afro-sambas-1966","status":"publish","type":"post","link":"https:\/\/www.toque-musicall.com\/?p=3583","title":{"rendered":"Baden Powell &#038; Vin\u00edcius De Moraes &#8211; Os Afro-Sambas (1966)"},"content":{"rendered":"<p><img loading=\"lazy\" decoding=\"async\" class=\"aligncenter\" alt=\"\" src=\"http:\/\/1.bp.blogspot.com\/-LbJKyRavJco\/UofOBflaAzI\/AAAAAAAAHz0\/13uHoHdXTJE\/s640\/folder.jpg\" width=\"640\" height=\"633\" \/><img loading=\"lazy\" decoding=\"async\" class=\"aligncenter\" alt=\"\" src=\"http:\/\/3.bp.blogspot.com\/-ZDQWUzwOv08\/UofN5zZWCSI\/AAAAAAAAHzs\/4LGy5n135SE\/s640\/contrap.JPG\" width=\"640\" height=\"628\" \/><\/p>\n<p>Ol\u00e1 amigos cultos e ocultos! Ontem recebi duras, por\u00e9m importantes, cr\u00edticas de um amigo sobre o que eu escrevo e como escrevo as coisas aqui no Toque Musical. Realmente, os textos das minhas postagens trazem sempre muitos erros, sejam l\u00e1 de ortografia, concord\u00e2ncias, ou mesmo de car\u00e1ter hist\u00f3rico e informativo. H\u00e1, sem d\u00favida, muita coisa errada por aqui (e vai al\u00e9m, hehehe&#8230;), mas mesmo assim eu insisto, teimoso como um burro, vou tocando sozinho esse meu &#8216;mal h\u00e1bito&#8217;. E o mais curioso de tudo isso \u00e9 que mesmo sendo assim como sou, como \u00e9 o Toque Musical, tem por a\u00ed muita gente que nos copia, que seguem uma &#8216;linha&#8217; semelhante. Eu j\u00e1 disse isso, o TM faz escola! \ud83d\ude09<br \/>\nEm homenagem ao meu amigo cr\u00edtico e tamb\u00e9m a todos os outros cultos e ocultos, eu hoje trago este \u00e1lbum, um cl\u00e1ssico que despensa maiores apresenta\u00e7oes. Ali\u00e1s, melhor apresenta\u00e7\u00e3o que o texto do pr\u00f3prio autor, ainda mais sendo ele Vin\u00edcius de Moraes, n\u00e3o poderia haver. &#8220;Os Afro-sambas&#8221; \u00e9 um disco dos mais importantes da MPB, lan\u00e7ado atrav\u00e9s do selo Forma, de Roberto Quartin, em 1966. Produzido de maneira livre, sem se prender a quest\u00f5es e padr\u00f5es comerciais, o disco traz apenas oito m\u00fasicas, mas que s\u00e3o a continuidade de um trabalho que a dupla iniciou quatro anos antes, quando &#8216;se conheceram&#8217;, vamos dizer assim. Um trabalho excepcional, que mesmo nunca esquecido, n\u00e3o poderia deixar de ser lembrado aqui. H\u00e1 &#8216;medalh\u00f5es&#8217; que a gente precisa sempre cultuar, n\u00e3o \u00e9 verdade?<\/p>\n<div style=\"text-align: center;\">canto de ossanha<\/div>\n<div style=\"text-align: center;\">canto de xang\u00f4<\/div>\n<div style=\"text-align: center;\">bococh\u00ea<\/div>\n<div style=\"text-align: center;\">canto de yemanj\u00e1<\/div>\n<div style=\"text-align: center;\">tempo de amor<\/div>\n<div style=\"text-align: center;\">canto de pedra preta<\/div>\n<div style=\"text-align: center;\">tristeza e solid\u00e3o<\/div>\n<div style=\"text-align: center;\">lamento de exu<\/div>\n<div style=\"text-align: center;\"><\/div>\n<div style=\"text-align: center;\">.<\/div>\n","protected":false},"excerpt":{"rendered":"<p>Ol\u00e1 amigos cultos e ocultos! Ontem recebi duras, por\u00e9m importantes, cr\u00edticas de um amigo sobre o que eu escrevo e como escrevo as coisas aqui no Toque Musical. Realmente, os textos das minhas postagens trazem sempre muitos erros, sejam l\u00e1 &hellip; <a href=\"https:\/\/www.toque-musicall.com\/?p=3583\">Continue lendo <span class=\"meta-nav\">&rarr;<\/span><\/a><\/p>\n","protected":false},"author":1,"featured_media":0,"comment_status":"open","ping_status":"closed","sticky":false,"template":"","format":"standard","meta":{"footnotes":""},"categories":[391,50,767,1119],"tags":[],"class_list":["post-3583","post","type-post","status-publish","format-standard","hentry","category-baden-powell","category-quarteto-em-cy","category-selo-forma","category-vinicius-de-moraes"],"_links":{"self":[{"href":"https:\/\/www.toque-musicall.com\/index.php?rest_route=\/wp\/v2\/posts\/3583","targetHints":{"allow":["GET"]}}],"collection":[{"href":"https:\/\/www.toque-musicall.com\/index.php?rest_route=\/wp\/v2\/posts"}],"about":[{"href":"https:\/\/www.toque-musicall.com\/index.php?rest_route=\/wp\/v2\/types\/post"}],"author":[{"embeddable":true,"href":"https:\/\/www.toque-musicall.com\/index.php?rest_route=\/wp\/v2\/users\/1"}],"replies":[{"embeddable":true,"href":"https:\/\/www.toque-musicall.com\/index.php?rest_route=%2Fwp%2Fv2%2Fcomments&post=3583"}],"version-history":[{"count":1,"href":"https:\/\/www.toque-musicall.com\/index.php?rest_route=\/wp\/v2\/posts\/3583\/revisions"}],"predecessor-version":[{"id":3586,"href":"https:\/\/www.toque-musicall.com\/index.php?rest_route=\/wp\/v2\/posts\/3583\/revisions\/3586"}],"wp:attachment":[{"href":"https:\/\/www.toque-musicall.com\/index.php?rest_route=%2Fwp%2Fv2%2Fmedia&parent=3583"}],"wp:term":[{"taxonomy":"category","embeddable":true,"href":"https:\/\/www.toque-musicall.com\/index.php?rest_route=%2Fwp%2Fv2%2Fcategories&post=3583"},{"taxonomy":"post_tag","embeddable":true,"href":"https:\/\/www.toque-musicall.com\/index.php?rest_route=%2Fwp%2Fv2%2Ftags&post=3583"}],"curies":[{"name":"wp","href":"https:\/\/api.w.org\/{rel}","templated":true}]}}