{"id":3587,"date":"2013-11-17T16:51:43","date_gmt":"2013-11-17T18:51:43","guid":{"rendered":"http:\/\/www.toque-musicall.com\/?p=3587"},"modified":"2013-11-17T16:51:43","modified_gmt":"2013-11-17T18:51:43","slug":"rodolfo-mayer-baden-powel-meu-cavalo-swasti-1961","status":"publish","type":"post","link":"https:\/\/www.toque-musicall.com\/?p=3587","title":{"rendered":"Rodolfo Mayer &#038; Baden Powel &#8211; Meu Cavalo Swasti (1961)"},"content":{"rendered":"<p><img loading=\"lazy\" decoding=\"async\" class=\"aligncenter\" alt=\"\" src=\"http:\/\/2.bp.blogspot.com\/-_z4suErKZlM\/UokAV1M6PLI\/AAAAAAAAH0Q\/In9fMGI65is\/s640\/CAPAp.JPG\" width=\"640\" height=\"623\" \/><img loading=\"lazy\" decoding=\"async\" class=\"aligncenter\" alt=\"\" src=\"http:\/\/3.bp.blogspot.com\/-ktxNH-_kTS0\/UokAOXPMiZI\/AAAAAAAAH0I\/PcyONnmQR9c\/s640\/CONTRAp.JPG\" width=\"640\" height=\"639\" \/><\/p>\n<p>Boa tarde, amigos cultos e ocultos! Como uma coisa sempre leva a outra, eu hoje achei por bem de apresentar este \u00e1lbum que traz a presen\u00e7a do jovem Baden Powell em uma performace livre, criando de improviso os temas de fundo para os textos de &#8220;Meu cavalo Swasti&#8221;, de Roger Fran\u00e7ois, declamandos pelo ator Rodolfo Mayer. O \u00e1lbum \u00e9 mesmo uma maravilha, em se tratando de figuras como Rodolfo Mayer e Baden Powell, pode saber, s\u00f3 pode ser coisa boa. Roger Fran\u00e7ois, por outro lado, \u00e9 para mim uma novidade. Eu nunca havia antes ouvido este disco. Procurei informa\u00e7\u00f5es no Google, mas curiosamente n\u00e3o h\u00e1 nada, inclusive sobre este \u00e1lbum, tamb\u00e9m n\u00e3o h\u00e1 muito o que contar. Suponho que Roger Fran\u00e7ois seja um escritor franc\u00eas. Os textos, claros e po\u00e9ticos, escolhidos e interpretados por Rodolfo Mayer s\u00e3o um espet\u00e1culo de sensibilidade. Ficam ainda melhores tendo o talento espont\u00e2neo de Baden Powell. O grande pecado deste disco est\u00e1 na grava\u00e7\u00e3o, na distribui\u00e7\u00e3o dos graves, agudos e enfim, do volume. O som maravilhoso do viol\u00e3o muitas vezes se perde num sil\u00eancio ou entres estalos inevit\u00e1veis do velho vinil. Mesmo assim, procurei melhorar ao m\u00e1ximo a qualidade, retirando &#8216;na unha&#8217; os estalos mais evidentes. Vale a pena conferir. E n\u00e3o demorem, pois o tempo \u00e9 curto, a fila anda e eu n\u00e3o irei repostar novamente o link no GTM, ok?<\/p>\n<div style=\"text-align: center;\">swasti<\/div>\n<div style=\"text-align: center;\">cavalgarei swasti<\/div>\n<div style=\"text-align: center;\">levarei um presente<\/div>\n<div style=\"text-align: center;\">preparo-me<\/div>\n<div style=\"text-align: center;\">encontro com meu pai<\/div>\n<div style=\"text-align: center;\">volto da casa de meu pai<\/div>\n<div style=\"text-align: center;\">visitarei o mundo<\/div>\n<div style=\"text-align: center;\">encontrarei as crian\u00e7as<\/div>\n<div style=\"text-align: center;\">o milagre do santo<\/div>\n<div style=\"text-align: center;\">encontro<\/div>\n<div style=\"text-align: center;\">1. intermezzo<\/div>\n<div style=\"text-align: center;\">maluco<\/div>\n<div style=\"text-align: center;\">embriaguez<\/div>\n<div style=\"text-align: center;\">as duas velhinhas<\/div>\n<div style=\"text-align: center;\">2. intermezzo<\/div>\n<div style=\"text-align: center;\">o cristo do devoto<\/div>\n<div style=\"text-align: center;\">3. intermezzo<\/div>\n<div style=\"text-align: center;\">a crian\u00e7a que a convidou-a para almo\u00e7ar<\/div>\n<div style=\"text-align: center;\">o homem superior<\/div>\n<div style=\"text-align: center;\">fim de viagem &#8211; converso com swasti<\/div>\n<div style=\"text-align: center;\"><\/div>\n<div style=\"text-align: center;\">.<\/div>\n","protected":false},"excerpt":{"rendered":"<p>Boa tarde, amigos cultos e ocultos! Como uma coisa sempre leva a outra, eu hoje achei por bem de apresentar este \u00e1lbum que traz a presen\u00e7a do jovem Baden Powell em uma performace livre, criando de improviso os temas de &hellip; <a href=\"https:\/\/www.toque-musicall.com\/?p=3587\">Continue lendo <span class=\"meta-nav\">&rarr;<\/span><\/a><\/p>\n","protected":false},"author":1,"featured_media":0,"comment_status":"open","ping_status":"closed","sticky":false,"template":"","format":"standard","meta":{"footnotes":""},"categories":[391,318,94,48],"tags":[],"class_list":["post-3587","post","type-post","status-publish","format-standard","hentry","category-baden-powell","category-poesia","category-rodolfo-mayer","category-selo-philips"],"_links":{"self":[{"href":"https:\/\/www.toque-musicall.com\/index.php?rest_route=\/wp\/v2\/posts\/3587","targetHints":{"allow":["GET"]}}],"collection":[{"href":"https:\/\/www.toque-musicall.com\/index.php?rest_route=\/wp\/v2\/posts"}],"about":[{"href":"https:\/\/www.toque-musicall.com\/index.php?rest_route=\/wp\/v2\/types\/post"}],"author":[{"embeddable":true,"href":"https:\/\/www.toque-musicall.com\/index.php?rest_route=\/wp\/v2\/users\/1"}],"replies":[{"embeddable":true,"href":"https:\/\/www.toque-musicall.com\/index.php?rest_route=%2Fwp%2Fv2%2Fcomments&post=3587"}],"version-history":[{"count":1,"href":"https:\/\/www.toque-musicall.com\/index.php?rest_route=\/wp\/v2\/posts\/3587\/revisions"}],"predecessor-version":[{"id":3590,"href":"https:\/\/www.toque-musicall.com\/index.php?rest_route=\/wp\/v2\/posts\/3587\/revisions\/3590"}],"wp:attachment":[{"href":"https:\/\/www.toque-musicall.com\/index.php?rest_route=%2Fwp%2Fv2%2Fmedia&parent=3587"}],"wp:term":[{"taxonomy":"category","embeddable":true,"href":"https:\/\/www.toque-musicall.com\/index.php?rest_route=%2Fwp%2Fv2%2Fcategories&post=3587"},{"taxonomy":"post_tag","embeddable":true,"href":"https:\/\/www.toque-musicall.com\/index.php?rest_route=%2Fwp%2Fv2%2Ftags&post=3587"}],"curies":[{"name":"wp","href":"https:\/\/api.w.org\/{rel}","templated":true}]}}