{"id":3591,"date":"2013-11-18T23:16:08","date_gmt":"2013-11-19T01:16:08","guid":{"rendered":"http:\/\/www.toque-musicall.com\/?p=3591"},"modified":"2013-11-20T08:04:14","modified_gmt":"2013-11-20T10:04:14","slug":"nov-18-a-musica-de-wilson-batista-parte-2-selecao-78-rpm-do-toque-musical-vol-78-2013","status":"publish","type":"post","link":"https:\/\/www.toque-musicall.com\/?p=3591","title":{"rendered":"A M\u00fasica De Wilson Batista &#8211; Parte 2 &#8211; Sele\u00e7\u00e3o 78 RPM Do Toque Musical &#8211; Vol. 78 (2013)"},"content":{"rendered":"<p><img loading=\"lazy\" decoding=\"async\" class=\"aligncenter\" alt=\"\" src=\"http:\/\/1.bp.blogspot.com\/-0Wub3WQchYk\/Uoq49HpUJ2I\/AAAAAAAAH08\/SpX47Q3bPG4\/s640\/CAPAp.JPG\" width=\"640\" height=\"640\" \/><img loading=\"lazy\" decoding=\"async\" class=\"aligncenter\" alt=\"\" src=\"http:\/\/4.bp.blogspot.com\/-vkJehpYKFWk\/Uoq4z-OVSTI\/AAAAAAAAH00\/bLQviJnFI2c\/s640\/CONTRACAPAp.JPG\" width=\"640\" height=\"640\" \/><\/p>\n<div>O GRB apresenta esta semana a segunda parte da retrospectiva dedicada ao compositor Wilson Batista (1913-1968). Desta feita, apresentamos mais 15 grava\u00e7\u00f5es preciosas, com alguns dos seus maiores cartazes da \u00e9poca. Para come\u00e7ar, o delicioso samba \u201cTeu riso tem\u201d, parceria de Wilson Batista com Roberto Martins, do carnaval de 1938. S\u00edlvio Caldas, o \u201ccaboclinho querido\u201d, fez a grava\u00e7\u00e3o na Odeon, em\u00a0\u00a08 de junho de 37, com lan\u00e7amento bem em cima da folia, em fevereiro, com o n.o 11574-B, matriz 5596. S\u00edlvio tamb\u00e9m est\u00e1 presente neste volume em outras tr\u00eas grava\u00e7\u00f5es. \u201cOlho nela\u201d (faixa 5), samba da parceria Wilson Batista-Germano Augusto, agora para o carnaval de 1941, em grava\u00e7\u00e3o Victor de 26 de dezembro de 40, tamb\u00e9m lan\u00e7ada bem em cima da folia, em fevereiro, com o n.o 34716-A, matriz 52095. \u201cLen\u00e7o no pesco\u00e7o\u201d (faixa 9) \u00e9 o samba que iniciou a famosa \u201cpol\u00eamica musical\u201d com Noel Rosa, e S\u00edlvio gravou-o na Victor em 18 de julho de 1933, com lan\u00e7amento em outubro do mesmo ano sob n.o 33712-B, matriz 65805. No acompanhamento os Diabos do C\u00e9u, curiosamente dirigidos n\u00e3o por Pixinguinha, mas pelo bandolinista Jo\u00e3o Martins. Noel , como se sabe, contestaria Wilson com \u201cRapaz folgado\u201d (\u201cDeixa de arrastar o teu tamanco\/ porque tamanco nunca foi sand\u00e1lia\u201d&#8230;), s\u00f3 gravado um ano depois da morte do Poeta da Vila, em 1938, por Aracy de Almeida.\u00a0\u00a0\u201cEu vivo sem destino\u201d (faixa 10), \u00e9 um samba de Wilson em parceria com Oswaldo Santiago e o pr\u00f3prio S\u00edlvio Caldas, que o gravou tamb\u00e9m na Victor em 17 de janeiro de 1933, com lan\u00e7amento em agosto do mesmo ano sob n.o 33690-A, matriz 65649. E desta vez Pixinguinha acompanha Silvio com seu Grupo da Guarda Velha. Conhecido como \u201co ditador de sucessos\u201d, D\u00e9o (Ferjallah Rizkallah, 1914-1971) aqui comparece com sete faixas. \u201cSer\u00e1\u201d (faixa 2) \u00e9 um samba da parceria Ataulfo Alves-Wilson Batista, gravado na Odeon em 10 de maio de 1939 com lan\u00e7amento em novembro do mesmo ano, disco 11786-B, matriz 6085. O lado A, que est\u00e1 na faixa 11, \u00e9 outro samba, agora de Wilson Batista com Claudionor Cruz, \u201cEla \u00e9&#8230;\u201d, matriz 6086. Em seguida, outras quatro faixas gravadas por D\u00e9o na Columbia, futura Continental, todas de Wilson Batista sem parceiro. Do disco 8327, lan\u00e7ado em novembro de 1937, est\u00e3o os dois lados, ambos sambas : \u201cPerdi meu carinho\u201d (faixa 4, matriz 3586) e \u201cMeu \u00faltimo cigarro\u201d (faixa 8, matriz 3586). Na mesma ocasi\u00e3o, saiu o disco 8326, do qual os dois lados tamb\u00e9m aqui est\u00e3o:\u00a0\u00a0o samba \u201cCanta\u201d (faixa 13, matriz 3587) e o samba-can\u00e7\u00e3o \u201cCansei de chorar\u201d (faixa 14, matriz 3588). E, da fase de D\u00e9o na Odeon, \u00e9 a s\u00e9tima faixa, \u201cN\u00e3o sei dar adeus\u201d outro samba da parceria de Wilson Batista com Ataulfo Alves, gravado em 5 de maio de 1939 e lan\u00e7ado em julho do mesmo ano com o n.o 11736-A, matriz 6077. Presente em nosso volume anterior com \u201cVinte e cinco anos\u201d, Newton Teixeira est\u00e1 de volta com dois sambas que gravou na Odeon. \u201cN-A-O-til, n\u00e3o\u201d (faixa 6) \u00e9 da parceria Wilson Batista-Marino Pinto, gravado em 31 de maio de 1941 e lan\u00e7ado em julho do mesmo ano, disco 12013-A, matriz 6677. \u201cA voz do sangue\u201d (d\u00e9cima-quinta e \u00faltima faixa deste volume) \u00e9 uma parceria de Wilson Batista com Walfrido Silva, em grava\u00e7\u00e3o de 17 de outubro de 1941, lan\u00e7ada em dezembro seguinte com o n.o 12081-B, matriz 6810, por certo destinada ao carnaval de 42. O Bando da Lua, grupo liderado por Aloysio de Oliveira, que marcou \u00e9poca na MPB com suas vocaliza\u00e7\u00f5es inovadoras, est\u00e1 aqui presente com o samba \u201cRaiando\u201d (faixa 3), parceria de Wilson Batista com Murilo Caldas, irm\u00e3o de S\u00edlvio, gravado na Victor em 29 de abril de 1935 e lan\u00e7ado em julho do mesmo ano, disco 33952-A, matriz 79894. Por fim temos outro\u00a0\u00a0antol\u00f3gico grupo vocal, os Anjos do Inferno, interpretando na faixa 12 a deliciosa marchinha \u201cCowboy do amor\u201d, do carnaval de 1941, outro bem-sucedido produto da parceria Wilson Batista-Roberto Martins. Grava\u00e7\u00e3o Columbia de 7 de novembro de 1940, lan\u00e7ada ainda em dezembro com o n.o 55249-B, matriz 333, sendo que os Anjos do Inferno tamb\u00e9m a interpretaram no filme \u201cC\u00e9u azul\u201d, da Sonofilms.\u00a0\u00a0De certa forma, \u00e9 precursora de um g\u00eanero que seria lan\u00e7ado mais tarde por Bob N\u00e9lson, o da chamada \u201cm\u00fasica do velho Oeste\u201d, nitidamente influenciado por\u00a0\u00a0astros do cinema americano, como Roy Rogers e Gene Autry. Na pr\u00f3xima semana, encerraremos esta retrospectiva sobre Wilson Batista. At\u00e9 l\u00e1!<\/div>\n<div><\/div>\n<div>Texto de SAMUEL MACHADO FILHO<\/div>\n<div><\/div>\n","protected":false},"excerpt":{"rendered":"<p>O GRB apresenta esta semana a segunda parte da retrospectiva dedicada ao compositor Wilson Batista (1913-1968). Desta feita, apresentamos mais 15 grava\u00e7\u00f5es preciosas, com alguns dos seus maiores cartazes da \u00e9poca. Para come\u00e7ar, o delicioso samba \u201cTeu riso tem\u201d, parceria &hellip; <a href=\"https:\/\/www.toque-musicall.com\/?p=3591\">Continue lendo <span class=\"meta-nav\">&rarr;<\/span><\/a><\/p>\n","protected":false},"author":1,"featured_media":0,"comment_status":"open","ping_status":"closed","sticky":false,"template":"","format":"standard","meta":{"footnotes":""},"categories":[1142,1266,141,2259,13],"tags":[],"class_list":["post-3591","post","type-post","status-publish","format-standard","hentry","category-anjos-do-inferno","category-bando-da-lua","category-deo","category-newton-teixieira","category-selo-grand-record-brazil"],"_links":{"self":[{"href":"https:\/\/www.toque-musicall.com\/index.php?rest_route=\/wp\/v2\/posts\/3591","targetHints":{"allow":["GET"]}}],"collection":[{"href":"https:\/\/www.toque-musicall.com\/index.php?rest_route=\/wp\/v2\/posts"}],"about":[{"href":"https:\/\/www.toque-musicall.com\/index.php?rest_route=\/wp\/v2\/types\/post"}],"author":[{"embeddable":true,"href":"https:\/\/www.toque-musicall.com\/index.php?rest_route=\/wp\/v2\/users\/1"}],"replies":[{"embeddable":true,"href":"https:\/\/www.toque-musicall.com\/index.php?rest_route=%2Fwp%2Fv2%2Fcomments&post=3591"}],"version-history":[{"count":2,"href":"https:\/\/www.toque-musicall.com\/index.php?rest_route=\/wp\/v2\/posts\/3591\/revisions"}],"predecessor-version":[{"id":3595,"href":"https:\/\/www.toque-musicall.com\/index.php?rest_route=\/wp\/v2\/posts\/3591\/revisions\/3595"}],"wp:attachment":[{"href":"https:\/\/www.toque-musicall.com\/index.php?rest_route=%2Fwp%2Fv2%2Fmedia&parent=3591"}],"wp:term":[{"taxonomy":"category","embeddable":true,"href":"https:\/\/www.toque-musicall.com\/index.php?rest_route=%2Fwp%2Fv2%2Fcategories&post=3591"},{"taxonomy":"post_tag","embeddable":true,"href":"https:\/\/www.toque-musicall.com\/index.php?rest_route=%2Fwp%2Fv2%2Ftags&post=3591"}],"curies":[{"name":"wp","href":"https:\/\/api.w.org\/{rel}","templated":true}]}}