{"id":36,"date":"2012-06-10T02:35:00","date_gmt":"2012-06-10T02:35:00","guid":{"rendered":"http:\/\/www.toque-musicall.com\/?p=36"},"modified":"2012-06-10T02:35:00","modified_gmt":"2012-06-10T02:35:00","slug":"joia-25-selecao-instrumental-do-toque-musical-2012","status":"publish","type":"post","link":"https:\/\/www.toque-musicall.com\/?p=36","title":{"rendered":"J\u00f3ia 25 &#8211; Sele\u00e7\u00e3o Instrumental Do Toque Musical (2012)"},"content":{"rendered":"<div style=\"clear: both; text-align: center;\"><a href=\"http:\/\/3.bp.blogspot.com\/-LD_TP5pKu24\/T9P8Wi3hz2I\/AAAAAAAACt0\/g4OpZzz4saM\/s1600\/CAPAp.JPG\" style=\"margin-left: 1em; margin-right: 1em;\"><img loading=\"lazy\" decoding=\"async\" border=\"0\" height=\"400\" src=\"http:\/\/3.bp.blogspot.com\/-LD_TP5pKu24\/T9P8Wi3hz2I\/AAAAAAAACt0\/g4OpZzz4saM\/s400\/CAPAp.JPG\" width=\"400\" \/><\/a><\/div>\n<div style=\"clear: both; text-align: center;\"><a href=\"http:\/\/4.bp.blogspot.com\/-96c1ZUzW8OA\/T9P8RL47MII\/AAAAAAAACts\/Wd_PAnvfOY0\/s1600\/CONTRACAPAp.JPG\" style=\"margin-left: 1em; margin-right: 1em;\"><img loading=\"lazy\" decoding=\"async\" border=\"0\" height=\"400\" src=\"http:\/\/4.bp.blogspot.com\/-96c1ZUzW8OA\/T9P8RL47MII\/AAAAAAAACts\/Wd_PAnvfOY0\/s400\/CONTRACAPAp.JPG\" width=\"400\" \/><\/a><\/div>\n<p>Boa noite, amigos cultos, ocultos e associados de plant\u00e3o! Pensei que meu feriad\u00e3o fosse ser mais tranquilo e folgado. Qual nada! Compromisso atr\u00e1s de compromisso. Mal tive tempo para entrar aqui no blog e fazer uma postagem descente. Embora tenha sido na base do &#8216;arrast\u00e3o&#8217;, esta vai ser uma colet\u00e2nea muito boa. Escolhi aqui alguns n\u00fameros instrumentais que eu acho \u00f3timos, feitos para se ouvir em alto e bom som. M\u00fasica de qualidade para quem sabe apreciar. Uma \u00f3tima sele\u00e7\u00e3o para se ouvir no carro, em casa e numa boa caminhada ou de bicicleta. Amanh\u00e3, j\u00e1 estarei ouvido no meu iPod, com certeza! E voc\u00eas, querem ouvir tamb\u00e9m?<\/p>\n<div style=\"text-align: center;\">tem d\u00f3 &#8211; rio 65 trio<\/div>\n<div style=\"text-align: center;\">rio &#8211; roberto menescal e seu conjunto<\/div>\n<div style=\"text-align: center;\">insensatez &#8211; eumir deodato<\/div>\n<div style=\"text-align: center;\">o morro n\u00e3o tem vez &#8211; jo\u00e3o donato e seu trio<\/div>\n<div style=\"text-align: center;\">nan\u00e3 &#8211; sergio mendes and bossa rio<\/div>\n<div style=\"text-align: center;\">reza &#8211; tamba trio<\/div>\n<div style=\"text-align: center;\">voc\u00ea e eu &#8211; roberto menescal e seu conjunto<\/div>\n<div style=\"text-align: center;\">tristeza de n\u00f3s dois &#8211; tamba trio<\/div>\n<div style=\"text-align: center;\">diz que fui por a\u00ed &#8211; dom um rom\u00e3o<\/div>\n<div style=\"text-align: center;\">samba de ver\u00e3o &#8211; meirelles e os copa 5<\/div>\n<div style=\"text-align: center;\">coisa n. 2 &#8211; moacir santos<\/div>\n<div style=\"text-align: center;\">s\u00f3 dan\u00e7o samba &#8211; jo\u00e3o donato<\/div>\n<div style=\"text-align: center;\">vivo sonhando &#8211; walter wanderley<\/div>\n<div style=\"text-align: center;\">preciso aprender a ser s\u00f3 &#8211; tom jobim<\/div>\n<div style=\"text-align: center;\">samba de uma nota s\u00f3 &#8211; baden powell e jimmy pratt<\/div>\n<div style=\"text-align: center;\">manh\u00e3 de carnaval &#8211; \u00a0rio 65 trio<\/div>\n<div style=\"text-align: center;\">samba carioca &#8211; meirelles e os copa 5<\/div>\n<div style=\"text-align: center;\">chegan\u00e7a &#8211; luiz e\u00e7a<\/div>\n<div style=\"text-align: center;\">consola\u00e7\u00e3o &#8211; ten\u00f3rio junior e seu conjunto<\/div>\n<div style=\"text-align: center;\">berimbau &#8211; tom jobim<\/div>\n<div style=\"text-align: center;\">zimbo samba &#8211; zimbo trio<\/div>\n<div style=\"text-align: center;\">samba em blue &#8211; sansa trio<\/div>\n<div style=\"text-align: center;\">margarida &#8211; som tr\u00eas<\/div>\n<div style=\"text-align: center;\">samadhi &#8211; ten\u00f3rio junior<\/div>\n<div style=\"text-align: center;\">jungle &#8211; som tr\u00eas<\/div>\n","protected":false},"excerpt":{"rendered":"<p>Boa noite, amigos cultos, ocultos e associados de plant\u00e3o! Pensei que meu feriad\u00e3o fosse ser mais tranquilo e folgado. Qual nada! Compromisso atr\u00e1s de compromisso. Mal tive tempo para entrar aqui no blog e fazer uma postagem descente. Embora tenha &hellip; <a href=\"https:\/\/www.toque-musicall.com\/?p=36\">Continue lendo <span class=\"meta-nav\">&rarr;<\/span><\/a><\/p>\n","protected":false},"author":1,"featured_media":0,"comment_status":"open","ping_status":"closed","sticky":false,"template":"","format":"standard","meta":{"footnotes":""},"categories":[32,11],"tags":[],"class_list":["post-36","post","type-post","status-publish","format-standard","hentry","category-coletanea-joia-25","category-exclusivos-do-toque-musical"],"_links":{"self":[{"href":"https:\/\/www.toque-musicall.com\/index.php?rest_route=\/wp\/v2\/posts\/36","targetHints":{"allow":["GET"]}}],"collection":[{"href":"https:\/\/www.toque-musicall.com\/index.php?rest_route=\/wp\/v2\/posts"}],"about":[{"href":"https:\/\/www.toque-musicall.com\/index.php?rest_route=\/wp\/v2\/types\/post"}],"author":[{"embeddable":true,"href":"https:\/\/www.toque-musicall.com\/index.php?rest_route=\/wp\/v2\/users\/1"}],"replies":[{"embeddable":true,"href":"https:\/\/www.toque-musicall.com\/index.php?rest_route=%2Fwp%2Fv2%2Fcomments&post=36"}],"version-history":[{"count":0,"href":"https:\/\/www.toque-musicall.com\/index.php?rest_route=\/wp\/v2\/posts\/36\/revisions"}],"wp:attachment":[{"href":"https:\/\/www.toque-musicall.com\/index.php?rest_route=%2Fwp%2Fv2%2Fmedia&parent=36"}],"wp:term":[{"taxonomy":"category","embeddable":true,"href":"https:\/\/www.toque-musicall.com\/index.php?rest_route=%2Fwp%2Fv2%2Fcategories&post=36"},{"taxonomy":"post_tag","embeddable":true,"href":"https:\/\/www.toque-musicall.com\/index.php?rest_route=%2Fwp%2Fv2%2Ftags&post=36"}],"curies":[{"name":"wp","href":"https:\/\/api.w.org\/{rel}","templated":true}]}}