{"id":3604,"date":"2013-11-23T10:34:28","date_gmt":"2013-11-23T12:34:28","guid":{"rendered":"http:\/\/www.toque-musicall.com\/?p=3604"},"modified":"2013-11-23T10:34:28","modified_gmt":"2013-11-23T12:34:28","slug":"eumir-deodato-compacto-1973","status":"publish","type":"post","link":"https:\/\/www.toque-musicall.com\/?p=3604","title":{"rendered":"Eumir Deodato &#8211; Compacto (1973)"},"content":{"rendered":"<p><img loading=\"lazy\" decoding=\"async\" class=\"aligncenter\" alt=\"\" src=\"http:\/\/3.bp.blogspot.com\/-la2ejMyZQRs\/UpCONEBtOdI\/AAAAAAAAH2Y\/GfkdZPsAunU\/s640\/lado+A.JPG\" width=\"640\" height=\"586\" \/><img loading=\"lazy\" decoding=\"async\" class=\"aligncenter\" alt=\"\" src=\"http:\/\/1.bp.blogspot.com\/-jHidrA872QQ\/UpCOGy5lnjI\/AAAAAAAAH2Q\/li8HcA7G93M\/s640\/lado+B.JPG\" width=\"640\" height=\"606\" \/><\/p>\n<p>Bom dia, amigos cultos e ocultos! Que tal um fim de semana de compactos? Fico sempre ensaiando uma leva de disquinhos de 7 polegadas, mas acabo sempre diluindo a coisa. Agora, tenho aqui alguns j\u00e1 prontos para o consumo e como eu gosto, os t\u00edtulos e g\u00eaneros dos mais variados.<br \/>\nSegue aqui este Eumir Deodato trazendo seu maior sucesso, a adapta\u00e7\u00e3o do tema cl\u00e1ssico de Strauss &#8220;Also Sprach Zarathustra&#8221;. Esta vers\u00e3o de Deodato parece ter ficado mais famosa que a original e foi lan\u00e7ada em seu disco de estr\u00e9ia na CTI Records, o &#8220;Prelude&#8221;, de 72. Para mim, os melhores discos do Deodato foram os dessa \u00e9poca, lan\u00e7ados pelo produtor Creed Taylor. &#8220;Assim falava Zarathustra&#8221; ou &#8220;Also sprach Zarathustra &#8211; 2001&#8221; fez sucesso mundial e at\u00e9 ganhou o Grammy de melhor m\u00fasica instrumental pop do ano. A vers\u00e3o original que est\u00e1 no lp \u00e9 de uns nove minutos, mas para o compacto ela foi reduzida, garantido assim uma maior popularidade. Ta\u00ed uma prova da import\u00e2ncia do disco compacto. Era ele quem fazia a representa\u00e7\u00e3o, ou apresenta\u00e7\u00e3o de um novo projeto musical. Lan\u00e7avam o compacto, se fizesse sucesso o lp era garantido! Neste compacto temos &#8220;tamb\u00e9m, &#8220;Spirit of Summer, bel\u00edssima composi\u00e7\u00e3o do pr\u00f3prio artista, que faz o contrapeso bem na medida. Geralmente, compactos sempre trazem &#8216;aquela&#8217;, que \u00e9 o sucesso e a outra que \u00e9 apenas a outra. Mas aqui ela n\u00e3o \u00e9 mais uma.<\/p>\n<div style=\"text-align: center;\">also sprach zarathustra<\/div>\n<div style=\"text-align: center;\">spirit of summer<\/div>\n<div style=\"text-align: center;\"><\/div>\n<div style=\"text-align: center;\">.<\/div>\n<div style=\"text-align: center;\"><\/div>\n","protected":false},"excerpt":{"rendered":"<p>Bom dia, amigos cultos e ocultos! Que tal um fim de semana de compactos? Fico sempre ensaiando uma leva de disquinhos de 7 polegadas, mas acabo sempre diluindo a coisa. Agora, tenho aqui alguns j\u00e1 prontos para o consumo e &hellip; <a href=\"https:\/\/www.toque-musicall.com\/?p=3604\">Continue lendo <span class=\"meta-nav\">&rarr;<\/span><\/a><\/p>\n","protected":false},"author":1,"featured_media":0,"comment_status":"open","ping_status":"closed","sticky":false,"template":"","format":"standard","meta":{"footnotes":""},"categories":[93,1071,2267],"tags":[],"class_list":["post-3604","post","type-post","status-publish","format-standard","hentry","category-compactos","category-eumir-deodato","category-selo-one-way"],"_links":{"self":[{"href":"https:\/\/www.toque-musicall.com\/index.php?rest_route=\/wp\/v2\/posts\/3604","targetHints":{"allow":["GET"]}}],"collection":[{"href":"https:\/\/www.toque-musicall.com\/index.php?rest_route=\/wp\/v2\/posts"}],"about":[{"href":"https:\/\/www.toque-musicall.com\/index.php?rest_route=\/wp\/v2\/types\/post"}],"author":[{"embeddable":true,"href":"https:\/\/www.toque-musicall.com\/index.php?rest_route=\/wp\/v2\/users\/1"}],"replies":[{"embeddable":true,"href":"https:\/\/www.toque-musicall.com\/index.php?rest_route=%2Fwp%2Fv2%2Fcomments&post=3604"}],"version-history":[{"count":1,"href":"https:\/\/www.toque-musicall.com\/index.php?rest_route=\/wp\/v2\/posts\/3604\/revisions"}],"predecessor-version":[{"id":3607,"href":"https:\/\/www.toque-musicall.com\/index.php?rest_route=\/wp\/v2\/posts\/3604\/revisions\/3607"}],"wp:attachment":[{"href":"https:\/\/www.toque-musicall.com\/index.php?rest_route=%2Fwp%2Fv2%2Fmedia&parent=3604"}],"wp:term":[{"taxonomy":"category","embeddable":true,"href":"https:\/\/www.toque-musicall.com\/index.php?rest_route=%2Fwp%2Fv2%2Fcategories&post=3604"},{"taxonomy":"post_tag","embeddable":true,"href":"https:\/\/www.toque-musicall.com\/index.php?rest_route=%2Fwp%2Fv2%2Ftags&post=3604"}],"curies":[{"name":"wp","href":"https:\/\/api.w.org\/{rel}","templated":true}]}}