{"id":3608,"date":"2013-11-24T09:20:46","date_gmt":"2013-11-24T11:20:46","guid":{"rendered":"http:\/\/www.toque-musicall.com\/?p=3608"},"modified":"2013-11-24T09:20:46","modified_gmt":"2013-11-24T11:20:46","slug":"daltony-compacto-1982","status":"publish","type":"post","link":"https:\/\/www.toque-musicall.com\/?p=3608","title":{"rendered":"Daltony &#8211; Compacto (1982)"},"content":{"rendered":"<p><img loading=\"lazy\" decoding=\"async\" class=\"aligncenter\" alt=\"\" src=\"http:\/\/1.bp.blogspot.com\/-ghqWaXxNZoY\/UpFxPmeVKsI\/AAAAAAAAH2w\/1A5mxPypqaI\/s640\/capap.JPG\" width=\"640\" height=\"638\" \/><img loading=\"lazy\" decoding=\"async\" class=\"aligncenter\" alt=\"\" src=\"http:\/\/1.bp.blogspot.com\/-dN30lGJkTbA\/UpFxEgcL0BI\/AAAAAAAAH2o\/wKu1ibmCFEw\/s640\/contrap.JPG\" width=\"628\" height=\"640\" \/><\/p>\n<p>Dando sequ\u00eancia a nossa mostra de compactos, trago para voc\u00eas este compacto do compositor, cantor e violonista Daltony, um nome que talvez poucos conhe\u00e7am, mas por certo devem conhecer alguma de suas m\u00fasicas. Daltony (N\u00f3brega) \u00e9 mineiro, de Juiz de Fora. Iniciou sua carreira musical nos anos 60 participando do Grupo Mineiro, um conjunto vocal que atuou em festivais e tamb\u00e9m ao lado de artistas como Beth Carvalho, Marlene e outros, j\u00e1 no in\u00edcio dos anos 70. Nessa d\u00e9cada, passou a se apresentar sozinho e suas composi\u00e7\u00e3o foram gravadas por Evinha, Cl\u00e1udia, Eliana Pittman, C\u00e9lia, Trio Mocot\u00f3, Simone, Roberto Ribeiro e por a\u00ed a fora&#8230; Continuou participando de festivais e tendo suas m\u00fasicas defendidas inclusive por outros int\u00e9rpretes. Foi diretor musical na TV Globo e por l\u00e1 fez tamb\u00e9m muita m\u00fasica, inclusive para projetos infantis, como foram os casos de &#8220;Plunct plact zum&#8221;, &#8220;Turma do Perer\u00ea&#8221; e &#8220;Pirlimpimpim&#8221;. Durante as d\u00e9cadas de 80 e 90 esteve sempre muito autuante, trabalhando para a televis\u00e3o, compondo, produzindo, escrevendo roteiros e tamb\u00e9m gravando seus discos. At\u00e9 onde eu sei, Daltony N\u00f3brega gravou dois lps, &#8220;Bate-boca&#8221; e &#8220;Cirrose&#8221;, al\u00e9m de dois compactos, dos quais eu apresento este, lan\u00e7ado em 82. Me lembro de que comprei este compacto, na \u00e9poca, mais pela estranheza da capa. Sempre fui fascinado por essas capas curiosas de discos, tenho at\u00e9 uma cole\u00e7\u00e3o! No caso aqui os motivos da capa est\u00e3o, creio eu, relacionados ao momento pol\u00edtico. In\u00edcio dos anos 80, per\u00edodo em que ent\u00e3o o General Jo\u00e3o Batista de Figueiredo era o Presidente da Rep\u00fablica. Na capa temos o compositor oferecendo a sua pr\u00f3pria cabe\u00e7a de bandeja, uma alus\u00e3o a sua poss\u00edvel pris\u00e3o, frente a cr\u00edtica musical em &#8220;&#8216;Batista&#8221;, samba onde ele brinca com a atitude e o estil\u00e3o do Presidente, que se fazia de popular e bacana. Imagino que ao final, com o disco lan\u00e7ado, tudo acabou dando em nada, era a Abertura! No outro lado do compacto, mantendo o bom humor, temos &#8220;Nouveau riche&#8221;, um samba de Billy Blanco, que tamb\u00e9m foi seu parceiro em outras m\u00fasicas.<\/p>\n<div style=\"text-align: center;\">batista<\/div>\n<div style=\"text-align: center;\">nouveau riche<\/div>\n<div style=\"text-align: center;\"><\/div>\n<div style=\"text-align: center;\">.<\/div>\n","protected":false},"excerpt":{"rendered":"<p>Dando sequ\u00eancia a nossa mostra de compactos, trago para voc\u00eas este compacto do compositor, cantor e violonista Daltony, um nome que talvez poucos conhe\u00e7am, mas por certo devem conhecer alguma de suas m\u00fasicas. Daltony (N\u00f3brega) \u00e9 mineiro, de Juiz de &hellip; <a href=\"https:\/\/www.toque-musicall.com\/?p=3608\">Continue lendo <span class=\"meta-nav\">&rarr;<\/span><\/a><\/p>\n","protected":false},"author":1,"featured_media":0,"comment_status":"open","ping_status":"closed","sticky":false,"template":"","format":"standard","meta":{"footnotes":""},"categories":[93,2268,70],"tags":[],"class_list":["post-3608","post","type-post","status-publish","format-standard","hentry","category-compactos","category-daltony","category-selo-rca-victor"],"_links":{"self":[{"href":"https:\/\/www.toque-musicall.com\/index.php?rest_route=\/wp\/v2\/posts\/3608","targetHints":{"allow":["GET"]}}],"collection":[{"href":"https:\/\/www.toque-musicall.com\/index.php?rest_route=\/wp\/v2\/posts"}],"about":[{"href":"https:\/\/www.toque-musicall.com\/index.php?rest_route=\/wp\/v2\/types\/post"}],"author":[{"embeddable":true,"href":"https:\/\/www.toque-musicall.com\/index.php?rest_route=\/wp\/v2\/users\/1"}],"replies":[{"embeddable":true,"href":"https:\/\/www.toque-musicall.com\/index.php?rest_route=%2Fwp%2Fv2%2Fcomments&post=3608"}],"version-history":[{"count":1,"href":"https:\/\/www.toque-musicall.com\/index.php?rest_route=\/wp\/v2\/posts\/3608\/revisions"}],"predecessor-version":[{"id":3611,"href":"https:\/\/www.toque-musicall.com\/index.php?rest_route=\/wp\/v2\/posts\/3608\/revisions\/3611"}],"wp:attachment":[{"href":"https:\/\/www.toque-musicall.com\/index.php?rest_route=%2Fwp%2Fv2%2Fmedia&parent=3608"}],"wp:term":[{"taxonomy":"category","embeddable":true,"href":"https:\/\/www.toque-musicall.com\/index.php?rest_route=%2Fwp%2Fv2%2Fcategories&post=3608"},{"taxonomy":"post_tag","embeddable":true,"href":"https:\/\/www.toque-musicall.com\/index.php?rest_route=%2Fwp%2Fv2%2Ftags&post=3608"}],"curies":[{"name":"wp","href":"https:\/\/api.w.org\/{rel}","templated":true}]}}