{"id":3612,"date":"2013-11-24T23:45:10","date_gmt":"2013-11-25T01:45:10","guid":{"rendered":"http:\/\/www.toque-musicall.com\/?p=3612"},"modified":"2013-11-24T23:45:10","modified_gmt":"2013-11-25T01:45:10","slug":"leila-miranda-zefinha-1972","status":"publish","type":"post","link":"https:\/\/www.toque-musicall.com\/?p=3612","title":{"rendered":"Leila Miranda &#8211; Zefinha (1972)"},"content":{"rendered":"<p><img loading=\"lazy\" decoding=\"async\" class=\"aligncenter\" alt=\"\" src=\"http:\/\/4.bp.blogspot.com\/-4erzFpLrE88\/UpJq_IZjomI\/AAAAAAAAH3I\/ERX0XXb0JdY\/s640\/capap.JPG\" width=\"628\" height=\"640\" \/><img loading=\"lazy\" decoding=\"async\" class=\"aligncenter\" alt=\"\" src=\"http:\/\/3.bp.blogspot.com\/-zfqxSe2CZxY\/UpJq5saRf1I\/AAAAAAAAH3A\/_9knCS7aj2I\/s640\/contrap.JPG\" width=\"631\" height=\"640\" \/><\/p>\n<p>Juro que, ao pegar este compacto no sorteio, pela foto da capa, pensei que fosse o Cauby Peixoto. H\u00e1 pouco tempo atr\u00e1s ele estava com um visual nessa linha \ud83d\ude42 Mas qual nada! O que temos aqui n\u00e3o \u00e9 um cantor, mas sim uma cantora. Ou melhor dizendo, Leila Miranda, r\u00e1dio-atriz de com\u00e9dias, que nos anos 60 encarnou o personagem &#8220;Zefinha&#8221;,\u00a0\u00a0uma fofoqueira que falava mal da vida de todos os artistas,\u00a0no programa de Haroldo de Andrade, pela R\u00e1dio Globo.<br \/>\nNeste compacto duplo Leila Miranda nos apresenta inicialmente, do lado A, dois boleros ultrarom\u00e2mticos: &#8220;Eu tamb\u00e9m lamento&#8221; e &#8220;Sem ele n\u00e3o quero viver&#8221;, mostrando seu lado cantora. O lado B \u00e9 do humor, de \u00a0Zefinha, o personagem cantando (o que eu imagino) dois temas do programa de r\u00e1dio: &#8220;Escolinha do Seu Neco&#8221; e &#8220;Meu conselho&#8221;. Nessas duas m\u00fasicas, mais do que tudo, valem os arranjos e instrumental, em especial a guitarra deliciosamente perfeita, que caberia melhor ainda \u00e0 um outro tipo composi\u00e7\u00e3o. Gostaria de saber quem foi que tocou guitarra nessas duas m\u00fasicas. Realmente muito bom!<\/p>\n<div style=\"text-align: center;\">eu tamb\u00e9m lamento<\/div>\n<div style=\"text-align: center;\">sem ele n\u00e3o quero viver<\/div>\n<div style=\"text-align: center;\">escolinha do seu neco<\/div>\n<div style=\"text-align: center;\">meu conselho<\/div>\n<div style=\"text-align: center;\"><\/div>\n<div style=\"text-align: center;\">.<\/div>\n","protected":false},"excerpt":{"rendered":"<p>Juro que, ao pegar este compacto no sorteio, pela foto da capa, pensei que fosse o Cauby Peixoto. H\u00e1 pouco tempo atr\u00e1s ele estava com um visual nessa linha \ud83d\ude42 Mas qual nada! O que temos aqui n\u00e3o \u00e9 um &hellip; <a href=\"https:\/\/www.toque-musicall.com\/?p=3612\">Continue lendo <span class=\"meta-nav\">&rarr;<\/span><\/a><\/p>\n","protected":false},"author":1,"featured_media":0,"comment_status":"open","ping_status":"closed","sticky":false,"template":"","format":"standard","meta":{"footnotes":""},"categories":[93,2269,152],"tags":[],"class_list":["post-3612","post","type-post","status-publish","format-standard","hentry","category-compactos","category-leila-miranda","category-selo-copacabana"],"_links":{"self":[{"href":"https:\/\/www.toque-musicall.com\/index.php?rest_route=\/wp\/v2\/posts\/3612","targetHints":{"allow":["GET"]}}],"collection":[{"href":"https:\/\/www.toque-musicall.com\/index.php?rest_route=\/wp\/v2\/posts"}],"about":[{"href":"https:\/\/www.toque-musicall.com\/index.php?rest_route=\/wp\/v2\/types\/post"}],"author":[{"embeddable":true,"href":"https:\/\/www.toque-musicall.com\/index.php?rest_route=\/wp\/v2\/users\/1"}],"replies":[{"embeddable":true,"href":"https:\/\/www.toque-musicall.com\/index.php?rest_route=%2Fwp%2Fv2%2Fcomments&post=3612"}],"version-history":[{"count":1,"href":"https:\/\/www.toque-musicall.com\/index.php?rest_route=\/wp\/v2\/posts\/3612\/revisions"}],"predecessor-version":[{"id":3615,"href":"https:\/\/www.toque-musicall.com\/index.php?rest_route=\/wp\/v2\/posts\/3612\/revisions\/3615"}],"wp:attachment":[{"href":"https:\/\/www.toque-musicall.com\/index.php?rest_route=%2Fwp%2Fv2%2Fmedia&parent=3612"}],"wp:term":[{"taxonomy":"category","embeddable":true,"href":"https:\/\/www.toque-musicall.com\/index.php?rest_route=%2Fwp%2Fv2%2Fcategories&post=3612"},{"taxonomy":"post_tag","embeddable":true,"href":"https:\/\/www.toque-musicall.com\/index.php?rest_route=%2Fwp%2Fv2%2Ftags&post=3612"}],"curies":[{"name":"wp","href":"https:\/\/api.w.org\/{rel}","templated":true}]}}