{"id":362,"date":"2011-08-27T00:13:00","date_gmt":"2011-08-27T00:13:00","guid":{"rendered":"http:\/\/www.toque-musicall.com\/?p=362"},"modified":"2011-08-27T00:13:00","modified_gmt":"2011-08-27T00:13:00","slug":"blecaute-ao-vivo-na-radio-bandeirantes-2011","status":"publish","type":"post","link":"https:\/\/www.toque-musicall.com\/?p=362","title":{"rendered":"Blecaute &#8211; Ao Vivo Na Radio Bandeirantes (2011)"},"content":{"rendered":"<div style=\"clear: both; text-align: center;\"><a href=\"http:\/\/2.bp.blogspot.com\/-uEdspI3koTs\/TlgwQoXXy_I\/AAAAAAAAIQ4\/utqL5bJPcLE\/s1600\/blecaute+P.JPG\" style=\"margin-left: 1em; margin-right: 1em;\"><img loading=\"lazy\" decoding=\"async\" border=\"0\" height=\"400\" src=\"http:\/\/2.bp.blogspot.com\/-uEdspI3koTs\/TlgwQoXXy_I\/AAAAAAAAIQ4\/utqL5bJPcLE\/s400\/blecaute+P.JPG\" width=\"400\" \/><\/a><\/div>\n<p>Boa noite, amigos cultos e ocultos! Hoje \u00e9 sexta feira, dia do disco\/artista independente. Decidi, independente de qualquer coisa, fazer diferente, trazer uma produ\u00e7\u00e3o da casa. Na verdade, apenas na embalagem. Mas, de qualquer forma, assegurando uma identidade para um registro musical dos mais interessantes. Temos aqui um programa de r\u00e1dio. A grava\u00e7\u00e3o de um programa da R\u00e1dio Bandeirantes, onde o cantor Blecaute \u00e9 o convidado especial. Aqui ele canta e nos conta fatos interessantes de sua carreira. Um registro hist\u00f3rico que merecia ter virado disco, ou nos dias de hoje, uma postagem como a do Toque Musical.<br \/>Esta grava\u00e7\u00e3o eu n\u00e3o me lembro mais quem foi que me enviou. Ficou guardada aqui, como tantos outros \u00e1udios, no fundo da minha gaveta \ud83d\ude42 Hoje, agora a pouco, eu estava animado e folgado, da\u00ed montei o disquinho exclusivo para o deleite de voc\u00eas.<br \/>PS. Me faltou infoma\u00e7\u00f5es sobre essa grava\u00e7\u00e3o. N\u00e3o sei nem a data. Algu\u00e9m a\u00ed assistiu ao programa?<\/p>\n<div style=\"text-align: center;\">general da banda<\/div>\n<div style=\"text-align: center;\">tristeza do jeca<\/div>\n<div style=\"text-align: center;\">gosto que me enrosco<\/div>\n<div style=\"text-align: center;\">arrasta a sand\u00e1lia<\/div>\n<div style=\"text-align: center;\">oh, seu oscar<\/div>\n<div style=\"text-align: center;\">leva meu samba<\/div>\n<div style=\"text-align: center;\">acertei no milhar<\/div>\n<div style=\"text-align: center;\">pedreiro waldemar<\/div>\n<div style=\"text-align: center;\">chegou a bonitona<\/div>\n<div style=\"text-align: center;\">t\u00f4 a\u00ed nessa boca (samba bom)<\/div>\n<div style=\"text-align: center;\">falando de jo\u00e3o da baiana e heitor dos prazeres<\/div>\n<div style=\"text-align: center;\">mulher de malandro<\/div>\n<div style=\"text-align: center;\">falando sobre chico alves<\/div>\n<div style=\"text-align: center;\">eu agora sou casado<\/div>\n<div style=\"text-align: center;\">carioca bonita<\/div>\n<div style=\"text-align: center;\">relembrando nomes<\/div>\n<div style=\"text-align: center;\">o meu guarda chuva<\/div>\n<div style=\"text-align: center;\">oito mulheres<\/div>\n<div style=\"text-align: center;\">jo\u00e3ozinho boa pinta<\/div>\n<div style=\"text-align: center;\">dia dos namorados<\/div>\n<div style=\"text-align: center;\">natal das crian\u00e7as<\/div>\n<div style=\"text-align: center;\">blecaute relembrando<\/div>\n<div style=\"text-align: center;\">maria candel\u00e1ria<\/div>\n<div style=\"text-align: center;\">maria escandalosa<\/div>\n<div style=\"text-align: center;\">papai ad\u00e3o<\/div>\n<div style=\"text-align: center;\">dona cegonha<\/div>\n<div style=\"text-align: center;\">rei zul\u00fa<\/div>\n<div style=\"text-align: center;\">quero morrer no rio<\/div>\n<div style=\"text-align: center;\">romeu e julieta<\/div>\n<div style=\"text-align: center;\"><\/div>\n<div style=\"text-align: center;\"><\/div>\n","protected":false},"excerpt":{"rendered":"<p>Boa noite, amigos cultos e ocultos! Hoje \u00e9 sexta feira, dia do disco\/artista independente. Decidi, independente de qualquer coisa, fazer diferente, trazer uma produ\u00e7\u00e3o da casa. Na verdade, apenas na embalagem. Mas, de qualquer forma, assegurando uma identidade para um &hellip; <a href=\"https:\/\/www.toque-musicall.com\/?p=362\">Continue lendo <span class=\"meta-nav\">&rarr;<\/span><\/a><\/p>\n","protected":false},"author":1,"featured_media":0,"comment_status":"open","ping_status":"closed","sticky":false,"template":"","format":"standard","meta":{"footnotes":""},"categories":[586,11],"tags":[],"class_list":["post-362","post","type-post","status-publish","format-standard","hentry","category-blecaute","category-exclusivos-do-toque-musical"],"_links":{"self":[{"href":"https:\/\/www.toque-musicall.com\/index.php?rest_route=\/wp\/v2\/posts\/362","targetHints":{"allow":["GET"]}}],"collection":[{"href":"https:\/\/www.toque-musicall.com\/index.php?rest_route=\/wp\/v2\/posts"}],"about":[{"href":"https:\/\/www.toque-musicall.com\/index.php?rest_route=\/wp\/v2\/types\/post"}],"author":[{"embeddable":true,"href":"https:\/\/www.toque-musicall.com\/index.php?rest_route=\/wp\/v2\/users\/1"}],"replies":[{"embeddable":true,"href":"https:\/\/www.toque-musicall.com\/index.php?rest_route=%2Fwp%2Fv2%2Fcomments&post=362"}],"version-history":[{"count":0,"href":"https:\/\/www.toque-musicall.com\/index.php?rest_route=\/wp\/v2\/posts\/362\/revisions"}],"wp:attachment":[{"href":"https:\/\/www.toque-musicall.com\/index.php?rest_route=%2Fwp%2Fv2%2Fmedia&parent=362"}],"wp:term":[{"taxonomy":"category","embeddable":true,"href":"https:\/\/www.toque-musicall.com\/index.php?rest_route=%2Fwp%2Fv2%2Fcategories&post=362"},{"taxonomy":"post_tag","embeddable":true,"href":"https:\/\/www.toque-musicall.com\/index.php?rest_route=%2Fwp%2Fv2%2Ftags&post=362"}],"curies":[{"name":"wp","href":"https:\/\/api.w.org\/{rel}","templated":true}]}}