{"id":363,"date":"2011-08-26T01:34:00","date_gmt":"2011-08-26T01:34:00","guid":{"rendered":"http:\/\/www.toque-musicall.com\/?p=363"},"modified":"2011-08-26T01:34:00","modified_gmt":"2011-08-26T01:34:00","slug":"jackson-do-pandeiro-compacto-1970","status":"publish","type":"post","link":"https:\/\/www.toque-musicall.com\/?p=363","title":{"rendered":"Jackson Do Pandeiro &#8211; Compacto (1970)"},"content":{"rendered":"<div style=\"clear: both; text-align: center;\"><a href=\"http:\/\/3.bp.blogspot.com\/-k0XYiKYut_I\/Tlb2J0DAO9I\/AAAAAAAAIQ0\/Sx-St6WJSgA\/s1600\/CAPA+COMPACTOTM+P.JPG\" style=\"margin-left: 1em; margin-right: 1em;\"><img loading=\"lazy\" decoding=\"async\" border=\"0\" height=\"400\" src=\"http:\/\/3.bp.blogspot.com\/-k0XYiKYut_I\/Tlb2J0DAO9I\/AAAAAAAAIQ0\/Sx-St6WJSgA\/s400\/CAPA+COMPACTOTM+P.JPG\" width=\"392\" \/><\/a><\/div>\n<p>Na sequ\u00eancia, como eu havia comentado&#8230; pelo menos um compacto! Ta\u00ed, Jackson do Pandeiro em um disquinho de 7 polegadas lan\u00e7ado pela Philips, atrav\u00e9s de seu selo Fontana. Nele encotramos os sucessos,<\/p>\n<div style=\"text-align: center;\">procurando tu<\/div>\n<div style=\"text-align: center;\">e<\/div>\n<div style=\"text-align: center;\">rio-s\u00e3o paulo e vice versa<\/div>\n","protected":false},"excerpt":{"rendered":"<p>Na sequ\u00eancia, como eu havia comentado&#8230; pelo menos um compacto! Ta\u00ed, Jackson do Pandeiro em um disquinho de 7 polegadas lan\u00e7ado pela Philips, atrav\u00e9s de seu selo Fontana. Nele encotramos os sucessos, procurando tu e rio-s\u00e3o paulo e vice versa<\/p>\n","protected":false},"author":1,"featured_media":0,"comment_status":"open","ping_status":"closed","sticky":false,"template":"","format":"standard","meta":{"footnotes":""},"categories":[119,382],"tags":[],"class_list":["post-363","post","type-post","status-publish","format-standard","hentry","category-jackson-do-pandeiro","category-selo-fontana"],"_links":{"self":[{"href":"https:\/\/www.toque-musicall.com\/index.php?rest_route=\/wp\/v2\/posts\/363","targetHints":{"allow":["GET"]}}],"collection":[{"href":"https:\/\/www.toque-musicall.com\/index.php?rest_route=\/wp\/v2\/posts"}],"about":[{"href":"https:\/\/www.toque-musicall.com\/index.php?rest_route=\/wp\/v2\/types\/post"}],"author":[{"embeddable":true,"href":"https:\/\/www.toque-musicall.com\/index.php?rest_route=\/wp\/v2\/users\/1"}],"replies":[{"embeddable":true,"href":"https:\/\/www.toque-musicall.com\/index.php?rest_route=%2Fwp%2Fv2%2Fcomments&post=363"}],"version-history":[{"count":0,"href":"https:\/\/www.toque-musicall.com\/index.php?rest_route=\/wp\/v2\/posts\/363\/revisions"}],"wp:attachment":[{"href":"https:\/\/www.toque-musicall.com\/index.php?rest_route=%2Fwp%2Fv2%2Fmedia&parent=363"}],"wp:term":[{"taxonomy":"category","embeddable":true,"href":"https:\/\/www.toque-musicall.com\/index.php?rest_route=%2Fwp%2Fv2%2Fcategories&post=363"},{"taxonomy":"post_tag","embeddable":true,"href":"https:\/\/www.toque-musicall.com\/index.php?rest_route=%2Fwp%2Fv2%2Ftags&post=363"}],"curies":[{"name":"wp","href":"https:\/\/api.w.org\/{rel}","templated":true}]}}