{"id":3635,"date":"2013-11-28T23:48:13","date_gmt":"2013-11-29T01:48:13","guid":{"rendered":"http:\/\/www.toque-musicall.com\/?p=3635"},"modified":"2013-11-30T06:27:28","modified_gmt":"2013-11-30T08:27:28","slug":"eduardo-araujo-silvinha-compacto-1969","status":"publish","type":"post","link":"https:\/\/www.toque-musicall.com\/?p=3635","title":{"rendered":"Eduardo Ara\u00fajo &#038; Silvinha &#8211; Compacto (1969)"},"content":{"rendered":"<p><img loading=\"lazy\" decoding=\"async\" class=\"aligncenter\" alt=\"\" src=\"http:\/\/3.bp.blogspot.com\/-h9WrxukSaNY\/UpftLgVqSZI\/AAAAAAAAH7Q\/nthcm5usmr8\/s640\/um+lado.JPG\" width=\"640\" height=\"563\" \/><img loading=\"lazy\" decoding=\"async\" class=\"aligncenter\" alt=\"\" src=\"http:\/\/2.bp.blogspot.com\/-6n-KrxW6OLQ\/Upfs9IOPjUI\/AAAAAAAAH7A\/PhKrDZyPOcY\/s640\/outro+lado.JPG\" width=\"640\" height=\"585\" \/><\/p>\n<p style=\"text-align: left;\">Boa noite, meus car\u00edssimos amigos cultos e ocultos! As vezes eu fico na d\u00favida se posto um conjunto de compactos ou apenas um, separadamente. Mas quando tenho pressa, acho melhor faz\u00ea-los individualmente. \u00c9 caso agora&#8230; Vamos rapidinho com este compacto de 69, trazendo Eduardo Ara\u00fajo e sua esposa, a cantora Silvinha. Juntos eles cantam &#8220;Dudu da Nenem, Nenem do Dudu&#8221;, can\u00e7\u00e3o de Tim Maia feita especialmente para o casal. Do outro lado Eduardo Ara\u00fajo interpreta a marcha &#8220;Vagalume&#8221;, de Serafim Adriano e Paulo Sette. Vamos conhecer?<\/p>\n<div style=\"text-align: center;\">vagalume<\/div>\n<div style=\"text-align: center;\">dudu da nenem, nenem do dudu<\/div>\n<div style=\"text-align: center;\"><\/div>\n<div style=\"text-align: center;\">.<\/div>\n<div style=\"text-align: center;\"><\/div>\n","protected":false},"excerpt":{"rendered":"<p>Boa noite, meus car\u00edssimos amigos cultos e ocultos! As vezes eu fico na d\u00favida se posto um conjunto de compactos ou apenas um, separadamente. Mas quando tenho pressa, acho melhor faz\u00ea-los individualmente. \u00c9 caso agora&#8230; Vamos rapidinho com este compacto &hellip; <a href=\"https:\/\/www.toque-musicall.com\/?p=3635\">Continue lendo <span class=\"meta-nav\">&rarr;<\/span><\/a><\/p>\n","protected":false},"author":1,"featured_media":0,"comment_status":"open","ping_status":"closed","sticky":false,"template":"","format":"standard","meta":{"footnotes":""},"categories":[1275,86,1603],"tags":[],"class_list":["post-3635","post","type-post","status-publish","format-standard","hentry","category-eduardo-araujo","category-selo-odeon","category-silvinha"],"_links":{"self":[{"href":"https:\/\/www.toque-musicall.com\/index.php?rest_route=\/wp\/v2\/posts\/3635","targetHints":{"allow":["GET"]}}],"collection":[{"href":"https:\/\/www.toque-musicall.com\/index.php?rest_route=\/wp\/v2\/posts"}],"about":[{"href":"https:\/\/www.toque-musicall.com\/index.php?rest_route=\/wp\/v2\/types\/post"}],"author":[{"embeddable":true,"href":"https:\/\/www.toque-musicall.com\/index.php?rest_route=\/wp\/v2\/users\/1"}],"replies":[{"embeddable":true,"href":"https:\/\/www.toque-musicall.com\/index.php?rest_route=%2Fwp%2Fv2%2Fcomments&post=3635"}],"version-history":[{"count":2,"href":"https:\/\/www.toque-musicall.com\/index.php?rest_route=\/wp\/v2\/posts\/3635\/revisions"}],"predecessor-version":[{"id":3644,"href":"https:\/\/www.toque-musicall.com\/index.php?rest_route=\/wp\/v2\/posts\/3635\/revisions\/3644"}],"wp:attachment":[{"href":"https:\/\/www.toque-musicall.com\/index.php?rest_route=%2Fwp%2Fv2%2Fmedia&parent=3635"}],"wp:term":[{"taxonomy":"category","embeddable":true,"href":"https:\/\/www.toque-musicall.com\/index.php?rest_route=%2Fwp%2Fv2%2Fcategories&post=3635"},{"taxonomy":"post_tag","embeddable":true,"href":"https:\/\/www.toque-musicall.com\/index.php?rest_route=%2Fwp%2Fv2%2Ftags&post=3635"}],"curies":[{"name":"wp","href":"https:\/\/api.w.org\/{rel}","templated":true}]}}