{"id":364,"date":"2011-08-25T10:02:00","date_gmt":"2011-08-25T10:02:00","guid":{"rendered":"http:\/\/www.toque-musicall.com\/?p=364"},"modified":"2011-08-25T10:02:00","modified_gmt":"2011-08-25T10:02:00","slug":"adelino-moreira-encontro-com-adelino-1967","status":"publish","type":"post","link":"https:\/\/www.toque-musicall.com\/?p=364","title":{"rendered":"Adelino Moreira &#8211; Encontro com Adelino (1967)"},"content":{"rendered":"<div style=\"clear: both; text-align: center;\"><a href=\"http:\/\/2.bp.blogspot.com\/-NbhihWymUbk\/TlYWKi6VWsI\/AAAAAAAAIQw\/Ut8NW4SItU0\/s1600\/adelino+F.JPG\" style=\"margin-left: 1em; margin-right: 1em;\"><img loading=\"lazy\" decoding=\"async\" border=\"0\" height=\"397\" src=\"http:\/\/2.bp.blogspot.com\/-NbhihWymUbk\/TlYWKi6VWsI\/AAAAAAAAIQw\/Ut8NW4SItU0\/s400\/adelino+F.JPG\" width=\"400\" \/><\/a><\/div>\n<p>Bom dia, amigos cultos e ocultos! S\u00f3 para que ningu\u00e9m fique na d\u00favida, as reposi\u00e7\u00f5es de antigas postagens est\u00e3o sendo feitas aos poucos. Algumas, que parecem demorar mais, s\u00e3o de t\u00edtulos que pretendo recompor os arquivos totalmente. Por isso pe\u00e7o paci\u00eancia. Tudo, aos poucos, vai sendo resolvido \ud83d\ude09<br \/>Hoje n\u00e3o \u00e9 s\u00e1bado, dia de colet\u00e2neas, mas mesmo assim vamos ter uma (e oficial). Trago aqui para voc\u00eas outro &#8216;\u00e1lbum de gaveta&#8217;. Estou sendo obrigado a lan\u00e7ar m\u00e3o do que j\u00e1 estava na reserva e preparado para ganhar tempo, pois ainda nesta semana continuo muito atarefado.<br \/>Vamos com esta colet\u00e2nea da RCA, dedicada \u00e0 m\u00fasica do compositor Adelino Moreira. Temos aqui cinco dos seus mais frequentes int\u00e9rpretes, obviamente todos da mesma gravadora, em 14 faixas. S\u00e3o m\u00fasicas que provavelmente, quase todas, devem constar em outros \u00e1lbuns j\u00e1 postados aqui no Toque Musical. Mesmo assim, eu acredito, ir\u00e1 agradar \u00e0 turma da velha guarda.<br \/>Apesar de toda a minha pressa, hoje, eu bem que gostaria de postar mais um disco. Se sobrar um tempinho a noite, eu volto, nem que seja com apenas um compacto. \ud83d\ude42 Vamos ver&#8230;<\/p>\n<div style=\"text-align: center;\">noite da saudade &#8211; nelson gon\u00e7alves<\/div>\n<div style=\"text-align: center;\">meu ex amor &#8211; angela maria<\/div>\n<div style=\"text-align: center;\">ciclone &#8211; carlos nobre<\/div>\n<div style=\"text-align: center;\">solid\u00e3o &#8211; n\u00fabia lafayette<\/div>\n<div style=\"text-align: center;\">duelo &#8211; cauby peixoto<\/div>\n<div style=\"text-align: center;\">eu te amo &#8211; angela maria<\/div>\n<div style=\"text-align: center;\">negue &#8211; nelson gon\u00e7alves<\/div>\n<div style=\"text-align: center;\">borrasca &#8211; nelson gon\u00e7alves<\/div>\n<div style=\"text-align: center;\">devolvi &#8211; n\u00fabia lafayette<\/div>\n<div style=\"text-align: center;\">regresso &#8211; carlos nobre<\/div>\n<div style=\"text-align: center;\">n\u00e3o me perguntes &#8211; angela maria<\/div>\n<div style=\"text-align: center;\">fim de estrada &#8211; carlos galhardo<\/div>\n<div style=\"text-align: center;\">seria t\u00e3o diferente &#8211; n\u00fabia lafayette<\/div>\n<div style=\"text-align: center;\">vitrine &#8211; nelson gon\u00e7alves<\/div>\n<div style=\"text-align: center;\"><\/div>\n<div style=\"text-align: center;\"><\/div>\n","protected":false},"excerpt":{"rendered":"<p>Bom dia, amigos cultos e ocultos! S\u00f3 para que ningu\u00e9m fique na d\u00favida, as reposi\u00e7\u00f5es de antigas postagens est\u00e3o sendo feitas aos poucos. Algumas, que parecem demorar mais, s\u00e3o de t\u00edtulos que pretendo recompor os arquivos totalmente. Por isso pe\u00e7o &hellip; <a href=\"https:\/\/www.toque-musicall.com\/?p=364\">Continue lendo <span class=\"meta-nav\">&rarr;<\/span><\/a><\/p>\n","protected":false},"author":1,"featured_media":0,"comment_status":"open","ping_status":"closed","sticky":false,"template":"","format":"standard","meta":{"footnotes":""},"categories":[68,199,138,177,118,587,277],"tags":[],"class_list":["post-364","post","type-post","status-publish","format-standard","hentry","category-adelino-moreira","category-angela-maria","category-carlos-galhardo","category-cauby-peixoto","category-nelson-goncalves","category-nubia-lafayette","category-selo-rca-camden"],"_links":{"self":[{"href":"https:\/\/www.toque-musicall.com\/index.php?rest_route=\/wp\/v2\/posts\/364","targetHints":{"allow":["GET"]}}],"collection":[{"href":"https:\/\/www.toque-musicall.com\/index.php?rest_route=\/wp\/v2\/posts"}],"about":[{"href":"https:\/\/www.toque-musicall.com\/index.php?rest_route=\/wp\/v2\/types\/post"}],"author":[{"embeddable":true,"href":"https:\/\/www.toque-musicall.com\/index.php?rest_route=\/wp\/v2\/users\/1"}],"replies":[{"embeddable":true,"href":"https:\/\/www.toque-musicall.com\/index.php?rest_route=%2Fwp%2Fv2%2Fcomments&post=364"}],"version-history":[{"count":0,"href":"https:\/\/www.toque-musicall.com\/index.php?rest_route=\/wp\/v2\/posts\/364\/revisions"}],"wp:attachment":[{"href":"https:\/\/www.toque-musicall.com\/index.php?rest_route=%2Fwp%2Fv2%2Fmedia&parent=364"}],"wp:term":[{"taxonomy":"category","embeddable":true,"href":"https:\/\/www.toque-musicall.com\/index.php?rest_route=%2Fwp%2Fv2%2Fcategories&post=364"},{"taxonomy":"post_tag","embeddable":true,"href":"https:\/\/www.toque-musicall.com\/index.php?rest_route=%2Fwp%2Fv2%2Ftags&post=364"}],"curies":[{"name":"wp","href":"https:\/\/api.w.org\/{rel}","templated":true}]}}