{"id":3645,"date":"2013-11-29T23:26:10","date_gmt":"2013-11-30T01:26:10","guid":{"rendered":"http:\/\/www.toque-musicall.com\/?p=3645"},"modified":"2013-11-30T09:26:36","modified_gmt":"2013-11-30T11:26:36","slug":"marcelo-vouguinha-forma-livre-1983","status":"publish","type":"post","link":"https:\/\/www.toque-musicall.com\/?p=3645","title":{"rendered":"Marcelo Vouguinha &#8211; Forma Livre (1983)"},"content":{"rendered":"<p><img loading=\"lazy\" decoding=\"async\" class=\"aligncenter\" alt=\"\" src=\"http:\/\/2.bp.blogspot.com\/-km_yARDxbS8\/UplFGZwRUjI\/AAAAAAAAH78\/lwckZMirSgk\/s640\/folder.jpg\" width=\"625\" height=\"640\" \/><img loading=\"lazy\" decoding=\"async\" class=\"aligncenter\" alt=\"\" src=\"http:\/\/4.bp.blogspot.com\/-V-bmbWvI-oI\/UplFQZCSsiI\/AAAAAAAAH8I\/hAYpRORsM5E\/s640\/contra.JPG\" width=\"640\" height=\"631\" \/><\/p>\n<div>Na sequencia, aqui vai outro disquinho independente, tamb\u00e9m fruto das Minas Geraes. Lan\u00e7ado em 1983, este \u00e9 um compacto raro e de produ\u00e7\u00e3o limitada, criado por compositor mineiro, Marcelo Vouguinha. Sobre ele, eu confesso, n\u00e3o sei nada e n\u00e3o h\u00e1 nada na rede que nos possa clarear a hist\u00f3ria. Por outro lado, temos um time de m\u00fasicos bem conhecidos, pelo menos aqui em Minas, com destaque para a cantora Vanessa Falabella, que canta em uma das faixas.<\/div>\n<div><\/div>\n<div style=\"text-align: center;\">forma livre<\/div>\n<div style=\"text-align: center;\">trilhos urbanos<\/div>\n<div style=\"text-align: center;\"><\/div>\n<div style=\"text-align: center;\">.<\/div>\n","protected":false},"excerpt":{"rendered":"<p>Na sequencia, aqui vai outro disquinho independente, tamb\u00e9m fruto das Minas Geraes. Lan\u00e7ado em 1983, este \u00e9 um compacto raro e de produ\u00e7\u00e3o limitada, criado por compositor mineiro, Marcelo Vouguinha. Sobre ele, eu confesso, n\u00e3o sei nada e n\u00e3o h\u00e1 &hellip; <a href=\"https:\/\/www.toque-musicall.com\/?p=3645\">Continue lendo <span class=\"meta-nav\">&rarr;<\/span><\/a><\/p>\n","protected":false},"author":1,"featured_media":0,"comment_status":"open","ping_status":"closed","sticky":false,"template":"","format":"standard","meta":{"footnotes":""},"categories":[93,25,2278],"tags":[],"class_list":["post-3645","post","type-post","status-publish","format-standard","hentry","category-compactos","category-selo-independente","category-vanessa-falabella"],"_links":{"self":[{"href":"https:\/\/www.toque-musicall.com\/index.php?rest_route=\/wp\/v2\/posts\/3645","targetHints":{"allow":["GET"]}}],"collection":[{"href":"https:\/\/www.toque-musicall.com\/index.php?rest_route=\/wp\/v2\/posts"}],"about":[{"href":"https:\/\/www.toque-musicall.com\/index.php?rest_route=\/wp\/v2\/types\/post"}],"author":[{"embeddable":true,"href":"https:\/\/www.toque-musicall.com\/index.php?rest_route=\/wp\/v2\/users\/1"}],"replies":[{"embeddable":true,"href":"https:\/\/www.toque-musicall.com\/index.php?rest_route=%2Fwp%2Fv2%2Fcomments&post=3645"}],"version-history":[{"count":1,"href":"https:\/\/www.toque-musicall.com\/index.php?rest_route=\/wp\/v2\/posts\/3645\/revisions"}],"predecessor-version":[{"id":3648,"href":"https:\/\/www.toque-musicall.com\/index.php?rest_route=\/wp\/v2\/posts\/3645\/revisions\/3648"}],"wp:attachment":[{"href":"https:\/\/www.toque-musicall.com\/index.php?rest_route=%2Fwp%2Fv2%2Fmedia&parent=3645"}],"wp:term":[{"taxonomy":"category","embeddable":true,"href":"https:\/\/www.toque-musicall.com\/index.php?rest_route=%2Fwp%2Fv2%2Fcategories&post=3645"},{"taxonomy":"post_tag","embeddable":true,"href":"https:\/\/www.toque-musicall.com\/index.php?rest_route=%2Fwp%2Fv2%2Ftags&post=3645"}],"curies":[{"name":"wp","href":"https:\/\/api.w.org\/{rel}","templated":true}]}}