{"id":365,"date":"2011-08-24T11:48:00","date_gmt":"2011-08-24T11:48:00","guid":{"rendered":"http:\/\/www.toque-musicall.com\/?p=365"},"modified":"2011-08-24T11:48:00","modified_gmt":"2011-08-24T11:48:00","slug":"carlos-lyra-25-anos-de-bossa-nova-1987","status":"publish","type":"post","link":"https:\/\/www.toque-musicall.com\/?p=365","title":{"rendered":"Carlos Lyra &#8211; 25 Anos De Bossa Nova (1987)"},"content":{"rendered":"<div style=\"clear: both; text-align: center;\"><a href=\"http:\/\/1.bp.blogspot.com\/-ZLtwCMTmbYk\/TlTZWcxo0pI\/AAAAAAAAIQs\/gQ06DT4173A\/s1600\/carlos+lyra+P.JPG\" style=\"margin-left: 1em; margin-right: 1em;\"><img loading=\"lazy\" decoding=\"async\" border=\"0\" height=\"398\" src=\"http:\/\/1.bp.blogspot.com\/-ZLtwCMTmbYk\/TlTZWcxo0pI\/AAAAAAAAIQs\/gQ06DT4173A\/s400\/carlos+lyra+P.JPG\" width=\"400\" \/><\/a><\/div>\n<p>Ol\u00e1s! Hoje iremos de Bossa Nova. Trago aqui para voc\u00eas mais um &#8216;\u00e1lbum de gaveta&#8217;. Este foi para a reserva, esperando chegar uma nova oportunidade. Como, pelo visto, ningu\u00e9m mais o postou, aqui vou eu fazendo o servi\u00e7o. Bem porque, este foi o primeiro que me veio \u00e0 m\u00e3o, nessa pressa de quem n\u00e3o tem muito tempo.<br \/>Segue aqui este \u00e1lbum ac\u00fastico e ao vivo, gravado pelo Carlos Lyra em um show no Jazzmania, em 1987. Antecedendo \u00e0s comemora\u00e7\u00f5es de 25 anos de Bossa Nova, o mo\u00e7o foi esperto, foi logo lan\u00e7ando show e disco dois anos antes.<br \/>Pessoalmente, adoro o trabalho do Carlos Lyra, por\u00e9m este disco me soa fraco, apesar de haver nele quase todos os seus cl\u00e1ssicos. O intimismo do show, que com certeza foi melhor que o disco, parece ter mais emo\u00e7\u00e3o no momento. Al\u00e9m do qu\u00ea, celebrar 25 anos de Bossa Nova merecia mais que uma voz e um simples banquinho e o viol\u00e3o. Que me perdoem os outros artistas, mas banquinho e viol\u00e3o eu s\u00f3 aceito o Jo\u00e3o Gilberto, este sim, n\u00e3o precisa de acompanhamento. Contudo, todavia ou mesmo assim, n\u00e3o posso negar o talento do Carlinhos que \u00e9, sem d\u00favida, um dos grandes pilares da Bossa Nova.<br \/>O roteiro do show, que acaba sendo tamb\u00e9m o do disco, se divide numa tentativa cronol\u00f3gica, onde o artista repassa, as vezes quase num &#8216;pot pourri&#8217;, suas composi\u00e7\u00f5es e parcerias famosas.<br \/>Apesar das minhas cr\u00edticas, n\u00e3o deixa de ser um disco interessante. \u00c9 Bossa Nova&#8230;<\/p>\n<div style=\"text-align: center;\">minha namorada<\/div>\n<div style=\"text-align: center;\">quando chegares<\/div>\n<div style=\"text-align: center;\">maria ningu\u00e9m<\/div>\n<div style=\"text-align: center;\">lobo bobo<\/div>\n<div style=\"text-align: center;\">saudade fez um samba<\/div>\n<div style=\"text-align: center;\">can\u00e7\u00e3o que morre no ar<\/div>\n<div style=\"text-align: center;\">se \u00e9 tarde me perdoa<\/div>\n<div style=\"text-align: center;\">feio n\u00e3o \u00e9 bonito<\/div>\n<div style=\"text-align: center;\">voc\u00ea e eu\u00a0<\/div>\n<div style=\"text-align: center;\">coisa mais linda<\/div>\n<div style=\"text-align: center;\">samba do carioca<\/div>\n<div style=\"text-align: center;\">sabe voc\u00ea<\/div>\n<div style=\"text-align: center;\">pau de arara (comedor de gilete)<\/div>\n<div style=\"text-align: center;\">maria moita<\/div>\n<div style=\"text-align: center;\">primavera<\/div>\n<div style=\"text-align: center;\">influ\u00eancia do jazz<\/div>\n<div style=\"text-align: center;\">o n\u00e9gocio \u00e9 amar<\/div>\n<div style=\"text-align: center;\">marcha da quarta feira de cinzas<\/div>\n<p>PS.: VAI L\u00c1 EM CASA OUVIR ESTE DISCO, EU FA\u00c7O UMA C\u00d3PIA PARA VOC\u00ca \ud83d\ude09<\/p>\n","protected":false},"excerpt":{"rendered":"<p>Ol\u00e1s! Hoje iremos de Bossa Nova. Trago aqui para voc\u00eas mais um &#8216;\u00e1lbum de gaveta&#8217;. Este foi para a reserva, esperando chegar uma nova oportunidade. Como, pelo visto, ningu\u00e9m mais o postou, aqui vou eu fazendo o servi\u00e7o. Bem porque, &hellip; <a href=\"https:\/\/www.toque-musicall.com\/?p=365\">Continue lendo <span class=\"meta-nav\">&rarr;<\/span><\/a><\/p>\n","protected":false},"author":1,"featured_media":0,"comment_status":"open","ping_status":"closed","sticky":false,"template":"","format":"standard","meta":{"footnotes":""},"categories":[588,589],"tags":[],"class_list":["post-365","post","type-post","status-publish","format-standard","hentry","category-carlos-lyra","category-selo-3m"],"_links":{"self":[{"href":"https:\/\/www.toque-musicall.com\/index.php?rest_route=\/wp\/v2\/posts\/365","targetHints":{"allow":["GET"]}}],"collection":[{"href":"https:\/\/www.toque-musicall.com\/index.php?rest_route=\/wp\/v2\/posts"}],"about":[{"href":"https:\/\/www.toque-musicall.com\/index.php?rest_route=\/wp\/v2\/types\/post"}],"author":[{"embeddable":true,"href":"https:\/\/www.toque-musicall.com\/index.php?rest_route=\/wp\/v2\/users\/1"}],"replies":[{"embeddable":true,"href":"https:\/\/www.toque-musicall.com\/index.php?rest_route=%2Fwp%2Fv2%2Fcomments&post=365"}],"version-history":[{"count":0,"href":"https:\/\/www.toque-musicall.com\/index.php?rest_route=\/wp\/v2\/posts\/365\/revisions"}],"wp:attachment":[{"href":"https:\/\/www.toque-musicall.com\/index.php?rest_route=%2Fwp%2Fv2%2Fmedia&parent=365"}],"wp:term":[{"taxonomy":"category","embeddable":true,"href":"https:\/\/www.toque-musicall.com\/index.php?rest_route=%2Fwp%2Fv2%2Fcategories&post=365"},{"taxonomy":"post_tag","embeddable":true,"href":"https:\/\/www.toque-musicall.com\/index.php?rest_route=%2Fwp%2Fv2%2Ftags&post=365"}],"curies":[{"name":"wp","href":"https:\/\/api.w.org\/{rel}","templated":true}]}}