{"id":3654,"date":"2013-12-01T18:11:12","date_gmt":"2013-12-01T20:11:12","guid":{"rendered":"http:\/\/www.toque-musicall.com\/?p=3654"},"modified":"2013-12-01T18:12:04","modified_gmt":"2013-12-01T20:12:04","slug":"wanderly-regina-compacto-1963-e-1966","status":"publish","type":"post","link":"https:\/\/www.toque-musicall.com\/?p=3654","title":{"rendered":"Wanderly Regina &#8211; Compacto (1963) e (1966)"},"content":{"rendered":"<p><img loading=\"lazy\" decoding=\"async\" class=\"aligncenter\" alt=\"\" src=\"http:\/\/2.bp.blogspot.com\/-7C0cbAaowEE\/UpuPk6zQL9I\/AAAAAAAAH9E\/EaT3IByJcl0\/s640\/Ccapa+1p.JPG\" width=\"639\" height=\"640\" \/><img loading=\"lazy\" decoding=\"async\" class=\"aligncenter\" alt=\"\" src=\"http:\/\/1.bp.blogspot.com\/-6HyaI3eHRto\/UpuPA-yYwBI\/AAAAAAAAH84\/3-SRRR4w8ZQ\/s640\/Wanderly+Regina+-+Broto+j%25C3%25A1+tem+vez+-+Capa+editada.jpg\" width=\"640\" height=\"640\" \/><\/p>\n<p>Muito boa tarde, amigos cultos e ocultos! &#8216;Desovando&#8217; mais um compacto raro por aqui (na verdade dois), vamos desta vez com a cantora Wanderly Regina. Algu\u00e9m a\u00ed se lembra dela? Eu confesso que, para mim, ela passou meio que despercebida. Creio que para muitos. Foi uma cantora que atuou durante os anos 60, embora tenha gravado seu primeiro disco, um 78 rota\u00e7oes, ainda nos anos 50. Est\u00e1 certamente vinculada \u00e0 Jovem Guarda, ou ao seu in\u00edcio. Como eu pouco sabia da carreira desta cantora, fui consultar o &#8216;Mr. Google&#8217; e por sorte, al\u00e9m de informa\u00e7\u00f5es, encontrei tamb\u00e9m outro disquinho gravado por ela, no blog do amigo Chico, o\u00a0<a href=\"http:\/\/sintoniamusikal.blogspot.com.br\/\" target=\"_blank\">Sintonia Musikal<\/a>. Assim, temos aqui uma postagem para dois compactos. O primeiro \u00e9 de 1963 e foi lan\u00e7ado pela Musidisc, o outro (do Sintonia Musikal) \u00e9 de 1966. E eu para facilitar a vida, vou replicar tamb\u00e9m o texto de apresenta\u00e7\u00e3o da cantora feito pelo Chico. Vamos l\u00e1:<\/p>\n<div><i>Wanderly Regina \u00e9 uma cantora obscura da Jovem Guarda que iniciou a carreira em Santo Andr\u00e9, no Grande ABC (SP), onde cantava nas r\u00e1dios locais. Neste disco, lan\u00e7ado pela RGE em 1966, \u00e9 acompanhada pela banda The Bells. A cantora come\u00e7ou como Wander Lee, e com esse nome gravou em 1959 o primeiro disco, um 78 rpm com &#8220;N\u00e3o Sou Est\u00fapida&#8221; e &#8220;Dinamite&#8221; pela Chantecler. Em 1962 lan\u00e7ou um single com &#8220;Norman&#8221; e &#8220;Um Amor S\u00f3 Meu&#8221;, na Musidisc. Mais tarde passou a assinar Wanderly Regina. Na sequ\u00eancia lan\u00e7ou ainda um compacto simples: &#8220;Escuta-me&#8221; e &#8220;Feminilidade&#8221; e um duplo com as composi\u00e7\u00f5es: &#8220;Meu Mundo&#8221;, Voc\u00ea Ri de Mim&#8221;, N\u00e3o Vou \u00c0quela Festa&#8221; e &#8220;Idade do Amor&#8221; ainda pelo selo Musidisc. Depois transferiu-se para a RGE e gravou este single. Wanderly teve como empres\u00e1rio o Marcos L\u00e1zaro que a conduziu para o Programa Jovem Guarda. Na d\u00e9cada de 1970 Wanderly afastou-se da carreira art\u00edstica.<\/i><\/div>\n<div><\/div>\n<div><\/div>\n<div style=\"text-align: center;\">escuta-me<\/div>\n<div style=\"text-align: center;\">feminilidade<\/div>\n<div style=\"text-align: center;\">broto j\u00e1 tem vez<\/div>\n<div style=\"text-align: center;\">n\u00e3o sei achar<\/div>\n<div style=\"text-align: center;\"><\/div>\n<div style=\"text-align: center;\">.<\/div>\n","protected":false},"excerpt":{"rendered":"<p>Muito boa tarde, amigos cultos e ocultos! &#8216;Desovando&#8217; mais um compacto raro por aqui (na verdade dois), vamos desta vez com a cantora Wanderly Regina. Algu\u00e9m a\u00ed se lembra dela? Eu confesso que, para mim, ela passou meio que despercebida. &hellip; <a href=\"https:\/\/www.toque-musicall.com\/?p=3654\">Continue lendo <span class=\"meta-nav\">&rarr;<\/span><\/a><\/p>\n","protected":false},"author":1,"featured_media":0,"comment_status":"open","ping_status":"closed","sticky":false,"template":"","format":"standard","meta":{"footnotes":""},"categories":[93,35,153,2280],"tags":[],"class_list":["post-3654","post","type-post","status-publish","format-standard","hentry","category-compactos","category-selo-musidisc","category-selo-rge","category-wanderly-regina"],"_links":{"self":[{"href":"https:\/\/www.toque-musicall.com\/index.php?rest_route=\/wp\/v2\/posts\/3654","targetHints":{"allow":["GET"]}}],"collection":[{"href":"https:\/\/www.toque-musicall.com\/index.php?rest_route=\/wp\/v2\/posts"}],"about":[{"href":"https:\/\/www.toque-musicall.com\/index.php?rest_route=\/wp\/v2\/types\/post"}],"author":[{"embeddable":true,"href":"https:\/\/www.toque-musicall.com\/index.php?rest_route=\/wp\/v2\/users\/1"}],"replies":[{"embeddable":true,"href":"https:\/\/www.toque-musicall.com\/index.php?rest_route=%2Fwp%2Fv2%2Fcomments&post=3654"}],"version-history":[{"count":2,"href":"https:\/\/www.toque-musicall.com\/index.php?rest_route=\/wp\/v2\/posts\/3654\/revisions"}],"predecessor-version":[{"id":3658,"href":"https:\/\/www.toque-musicall.com\/index.php?rest_route=\/wp\/v2\/posts\/3654\/revisions\/3658"}],"wp:attachment":[{"href":"https:\/\/www.toque-musicall.com\/index.php?rest_route=%2Fwp%2Fv2%2Fmedia&parent=3654"}],"wp:term":[{"taxonomy":"category","embeddable":true,"href":"https:\/\/www.toque-musicall.com\/index.php?rest_route=%2Fwp%2Fv2%2Fcategories&post=3654"},{"taxonomy":"post_tag","embeddable":true,"href":"https:\/\/www.toque-musicall.com\/index.php?rest_route=%2Fwp%2Fv2%2Ftags&post=3654"}],"curies":[{"name":"wp","href":"https:\/\/api.w.org\/{rel}","templated":true}]}}