{"id":366,"date":"2011-08-23T23:53:00","date_gmt":"2011-08-23T23:53:00","guid":{"rendered":"http:\/\/www.toque-musicall.com\/?p=366"},"modified":"2011-08-23T23:53:00","modified_gmt":"2011-08-23T23:53:00","slug":"musica-na-corte-brasileira-vol-1-rio-de-janeiro-o-vice-reinado-1965","status":"publish","type":"post","link":"https:\/\/www.toque-musicall.com\/?p=366","title":{"rendered":"M\u00fasica Na Corte Brasileira Vol. 1 &#8211; Rio De Janeiro &#8211; O Vice-Reinado (1965)"},"content":{"rendered":"<div style=\"clear: both; text-align: center;\"><a href=\"http:\/\/4.bp.blogspot.com\/-Rt6B5x5B93w\/TlQvYLaUagI\/AAAAAAAAIQo\/yRKmAFJbhiw\/s1600\/folder.jpg\" style=\"margin-left: 1em; margin-right: 1em;\"><img loading=\"lazy\" decoding=\"async\" border=\"0\" height=\"398\" src=\"http:\/\/4.bp.blogspot.com\/-Rt6B5x5B93w\/TlQvYLaUagI\/AAAAAAAAIQo\/yRKmAFJbhiw\/s400\/folder.jpg\" width=\"400\" \/><\/a><\/div>\n<p>Boa noite, amigos cultos e ocultos! Finalmente vamos \u00e0 postagem do dia. E hoje \u00e9 dia de m\u00fasica erudita. Tenho alguns &#8216;discos de gaveta&#8217;, mas mesmo sem muito tempo, optei por\u00a0algo que fosse especial.\u00a0Me lembrei desta cole\u00e7\u00e3o rar\u00edssima que havia digitalizado h\u00e1 algum tempo atr\u00e1s. Eis aqui um trabalho excepcional lan\u00e7ado pela Odeon, atrav\u00e9s de seu selo Angel. Trata-se da cole\u00e7\u00e3o &#8220;M\u00fasica na Corte Brasileira&#8221;, um apanhado riqu\u00edssimo de obras que mesmo na \u00e9poca em que foram gravadas j\u00e1 eram raras. S\u00e3o cinco volumes ao todo. Penso em ir postando os pr\u00f3ximos na sequ\u00eancia, todas as ter\u00e7as, dentro da programa\u00e7\u00e3o semanal.<br \/>Neste primeiro volume encontramos pe\u00e7as musicais buscadas em arquivos da Europa e do Brasil. S\u00e3o obras de Joaquim Manuel, Marcos Portugal e Jos\u00e9 Maur\u00edcio, nomes que s\u00f3 mesmo quem entende de m\u00fasica cl\u00e1ssica e erudita sabe dar valor. H\u00e1 tamb\u00e9m outras pe\u00e7as profanas e an\u00f4nimas. A m\u00fasica que se ouvia no Rio de Janeiro do Vice-Reinado.<br \/>Olga Maria Schroeter, soprano e o Collegium Musicum da R\u00e1dio MEC, sob a dire\u00e7\u00e3o do Maestro George Kiszely, executam o primeiro lado do disco. No segundo temos Associa\u00e7\u00e3o de Canto Coral ao lado da Orquestra Sinf\u00f4nica Nacional da R\u00e1dio MEC, sob a reg\u00eancia do Maestro Alceo Bocchino.<br \/>M\u00fasica erudita n\u00e3o \u00e9 bem a minha praia, mas mesmo assim eu sei sentar na areia e apreciar o mar. Convido voc\u00eas para fazerem o mesmo \ud83d\ude09<\/p>\n<div style=\"text-align: center;\">uma mulata bonita &#8211; an\u00f4nimo da bahia<\/div>\n<div style=\"text-align: center;\">no rega\u00e7o da ventura &#8211; an\u00f4nimo do s\u00e9culo 18<\/div>\n<div style=\"text-align: center;\">se me desses um suspiro &#8211; joaquim manuel<\/div>\n<div style=\"text-align: center;\">se queres saber a causa &#8211; joaquim manuel<\/div>\n<div style=\"text-align: center;\">foi o momento de ver-te &#8211; joaquim manuel<\/div>\n<div style=\"text-align: center;\">triste salgueiro &#8211; joaquim manuel<\/div>\n<div style=\"text-align: center;\">desde o dia em que nasci &#8211; joaquim manuel<\/div>\n<div style=\"text-align: center;\">voc\u00ea trata o amor em brinco &#8211; marcos portugal\u00a0<\/div>\n<div style=\"text-align: center;\">canid\u00ea-loune &#8211; m\u00fasica carioca do s\u00e9culo 16<\/div>\n<div style=\"text-align: center;\">crux fidelis &#8211; jos\u00e9 maur\u00edcio<\/div>\n<div style=\"text-align: center;\">judas mercator pessimus &#8211; jos\u00e9 maur\u00edcio<\/div>\n<div style=\"text-align: center;\">sinfonia f\u00fanebre &#8211; jos\u00e9 maur\u00edcio<\/div>\n<div style=\"text-align: center;\"><\/div>\n<div style=\"text-align: center;\"><\/div>\n","protected":false},"excerpt":{"rendered":"<p>Boa noite, amigos cultos e ocultos! Finalmente vamos \u00e0 postagem do dia. E hoje \u00e9 dia de m\u00fasica erudita. Tenho alguns &#8216;discos de gaveta&#8217;, mas mesmo sem muito tempo, optei por\u00a0algo que fosse especial.\u00a0Me lembrei desta cole\u00e7\u00e3o rar\u00edssima que havia &hellip; <a href=\"https:\/\/www.toque-musicall.com\/?p=366\">Continue lendo <span class=\"meta-nav\">&rarr;<\/span><\/a><\/p>\n","protected":false},"author":1,"featured_media":0,"comment_status":"open","ping_status":"closed","sticky":false,"template":"","format":"standard","meta":{"footnotes":""},"categories":[528,529],"tags":[],"class_list":["post-366","post","type-post","status-publish","format-standard","hentry","category-musica-na-corte-brasileira","category-selo-angel"],"_links":{"self":[{"href":"https:\/\/www.toque-musicall.com\/index.php?rest_route=\/wp\/v2\/posts\/366","targetHints":{"allow":["GET"]}}],"collection":[{"href":"https:\/\/www.toque-musicall.com\/index.php?rest_route=\/wp\/v2\/posts"}],"about":[{"href":"https:\/\/www.toque-musicall.com\/index.php?rest_route=\/wp\/v2\/types\/post"}],"author":[{"embeddable":true,"href":"https:\/\/www.toque-musicall.com\/index.php?rest_route=\/wp\/v2\/users\/1"}],"replies":[{"embeddable":true,"href":"https:\/\/www.toque-musicall.com\/index.php?rest_route=%2Fwp%2Fv2%2Fcomments&post=366"}],"version-history":[{"count":0,"href":"https:\/\/www.toque-musicall.com\/index.php?rest_route=\/wp\/v2\/posts\/366\/revisions"}],"wp:attachment":[{"href":"https:\/\/www.toque-musicall.com\/index.php?rest_route=%2Fwp%2Fv2%2Fmedia&parent=366"}],"wp:term":[{"taxonomy":"category","embeddable":true,"href":"https:\/\/www.toque-musicall.com\/index.php?rest_route=%2Fwp%2Fv2%2Fcategories&post=366"},{"taxonomy":"post_tag","embeddable":true,"href":"https:\/\/www.toque-musicall.com\/index.php?rest_route=%2Fwp%2Fv2%2Ftags&post=366"}],"curies":[{"name":"wp","href":"https:\/\/api.w.org\/{rel}","templated":true}]}}