{"id":3662,"date":"2013-12-02T23:12:38","date_gmt":"2013-12-03T01:12:38","guid":{"rendered":"http:\/\/www.toque-musicall.com\/?p=3662"},"modified":"2013-12-03T00:19:16","modified_gmt":"2013-12-03T02:19:16","slug":"a-musica-de-geraldo-pereira-parte-1-selecao-78-rpm-do-toque-musical-vol-80-2013","status":"publish","type":"post","link":"https:\/\/www.toque-musicall.com\/?p=3662","title":{"rendered":"A M\u00fasica De Geraldo Pereira &#8211; Parte 1 &#8211; Sele\u00e7\u00e3o 78 RPM Do Toque Musical &#8211; Vol. 80 (2013)"},"content":{"rendered":"<p><img loading=\"lazy\" decoding=\"async\" class=\"aligncenter\" alt=\"\" src=\"http:\/\/4.bp.blogspot.com\/-x5twwRVKoj8\/Up07yQNSYBI\/AAAAAAAAH90\/7BSpyhP2e8o\/s640\/CAPAP.JPG\" width=\"640\" height=\"640\" \/><img loading=\"lazy\" decoding=\"async\" class=\"aligncenter\" alt=\"\" src=\"http:\/\/2.bp.blogspot.com\/-nKEpegp-10c\/Up07wifK11I\/AAAAAAAAH9s\/0q2149WAjSI\/s640\/CONTRACAPAP.JPG\" width=\"640\" height=\"640\" \/><\/p>\n<div>E chegamos a edi\u00e7\u00e3o de n\u00famero 80 do nosso Grand Record Brasil. Em edi\u00e7\u00e3o anterior, como os amigos cultos, ocultos e associados do TM bem se lembram, apresentamos algumas das melhores grava\u00e7\u00f5es de Geraldo Pereira (Juiz de Fora, MG, 1918-Rio de Janeiro, 1955) como int\u00e9rprete, inclusive, claro, composi\u00e7\u00f5es pr\u00f3prias. E, como prometemos nessa ocasi\u00e3o, estamos voltando a focalizar a obra deste nome important\u00edssimo de nossa m\u00fasica popular. Desta vez, apresentamos doze grava\u00e7\u00f5es (\u00e9 at\u00e9 chover no molhado falar de suas qualidades e de sua import\u00e2ncia hist\u00f3rica) em que cantoras e conjuntos\u00a0\u00a0contempor\u00e2neos do compositor interpretam suas obras.\u00a0\u00a0Abrindo nossa sele\u00e7\u00e3o desta semana, os Quatro Ases e um Coringa, origin\u00e1rios do Cear\u00e1, apresentam uma sele\u00e7\u00e3o de sambas que\u00a0\u00a0homenageiam a Bahia de todos os santos, que sempre fascinou in\u00fameros compositores, sejam eles nascidos ou n\u00e3o na chamada boa terra, gravada na RCA Victor em 18 de julho de 1953 e lan\u00e7ada em outubro do mesmo ano sob n.o 80-1204-B, matriz BE3VB-0210. De Geraldo Pereira, aparece um trecho de seu cl\u00e1ssico \u201cFalsa baiana\u201d, e neste pot-pourri tamb\u00e9m foram inclu\u00eddos sambas de Vicente Paiva e Chianca de Garcia (\u201cExalta\u00e7\u00e3o \u00e0 Bahia\u201d), Dorival Caymmi (\u201cO que \u00e9 que a baiana tem?\u201d)\u00a0\u00a0e Ary Barroso (\u201cFaixa de cetim\u201d, \u201cNa Baixa do Sapateiro\u201d).\u00a0\u00a0Na faixa seguinte, os Quatro Ases, que durante toda a carreira deram de fato as cartas,\u00a0\u00a0nos brindam com \u201cAi! Que saudade dela\u201d, samba de Geraldo Pereira em parceria com Ari Monteiro, grava\u00e7\u00e3o Odeon de primeiro de setembro de 1942, lan\u00e7ada em novembro do mesmo ano sob n.o 12221-B, matriz 7044. Mesmo pouco divulgado, \u00e9 um samba que merece aten\u00e7\u00e3o.\u00a0\u00a0Outro important\u00edssimo conjunto vocal dessa \u00e9poca, os Anjos do Inferno, liderados por L\u00e9o Vilar, aqui comparece com tr\u00eas sambas absolutamente imperd\u00edveis. O primeiro \u00e9 \u201cSem compromisso\u201d, de Geraldo Pereira em parceria com N\u00e9lson Trigueiro, grava\u00e7\u00e3o Continental de 29 de maio de 1944, lan\u00e7ada em junho do mesmo ano com o n.o 15184-A, matriz 823. Nessa \u00e9poca, os sal\u00f5es e dancings eram bastante frequentados por certa camada da popula\u00e7\u00e3o carioca, e Geraldo, atento observador do cotidiano, adorava esse ambiente. Portanto, n\u00e3o deixaria mesmo passar em branco a cena \u2013 real ou imagin\u00e1ria \u2013 relatada neste samba, por sinal muito bem regravado por Chico Buarque em 1974. Outro hit de Geraldo Pereira\u00a0\u00a0imortalizado pelos Anjos do Inferno \u00e9 \u201cBolinha de papel\u201d, grava\u00e7\u00e3o Victor de primeiro de fevereiro de 1945, lan\u00e7ada em abril do mesmo ano sob n.o 80-0266-B, matriz S-078125. Samba que, como muitos sabem, seria regravado em 1961 por Jo\u00e3o Gilberto. Em seguida tem \u201cVai que depois eu vou\u201d, tamb\u00e9m de Geraldo sem parceiro, em outra grava\u00e7\u00e3o Victor, esta de 28 de novembro de 1945, lan\u00e7ada bem em cima do carnaval de 46, em fevereiro, disco 80-0381-B, matriz S-078402, e uma das m\u00fasicas mais cantadas nessa folia momesca.\u00a0\u00a0A faixa seguinte \u00e9 \u201cPode ser?\u201d, samba em que Geraldo Pereira conta com a parceria de Marino Pinto. E tem uma particularidade: foi inclu\u00eddo no disco de estreia da paulistana Isaurinha Garcia, a eterna \u201cpersonal\u00edssima\u201d, gravado na Columbia em 23 de junho de 1941 e lan\u00e7ado em agosto do mesmo ano sob n.o 55294-B, matriz 440 (no lado A estava \u201cChega de tanto amor\u201d, de M\u00e1rio Lago). Como se v\u00ea, Isaurinha j\u00e1 mostrava a que veio, e esse seria o pontap\u00e9 inicial de uma carreira repleta de sucessos. Na \u00e9poca, ela j\u00e1 era contratada da R\u00e1dio Record de S\u00e3o Paulo (ent\u00e3o \u201ca maior\u201d), sendo inclusive considerada por seu ent\u00e3o propriet\u00e1rio, Paulo Machado de Carvalho (\u201co marechal da vit\u00f3ria\u201d), aut\u00eantico patrim\u00f4nio da casa, fazendo parte at\u00e9 mesmo de seus m\u00f3veis e utens\u00edlios (!), e Isaurinha l\u00e1 permaneceu por mais de 40 anos.\u00a0\u00a0Outro inesquec\u00edvel cartaz do r\u00e1dio e do disco, Dircinha Batista apresenta o samba-choro \u201cSinh\u00e1 Rosinha\u201d, parceria de Geraldo com C\u00e9lio Ferreira, por ela gravado na Odeon em 7 de abril de 1942 e lan\u00e7ado em julho do mesmo ano, disco 12167-B, matriz 6937. Aqui, a tem\u00e1tica \u00e9 a do malandro regenerado, presente em outras composi\u00e7\u00f5es de Geraldo Pereira, bastando lembrar, por exemplo, o samba-can\u00e7\u00e3o \u201cPedro do Pedregulho\u201d, por ele mesmo gravado e que j\u00e1 apresentamos anteriormente no GRB. Dircinha ainda interpreta o samba \u201cFugindo de mim\u201d, parceria com Geraldo com Arnaldo Passos e Waldir Machado, destinado ao carnaval de 1952. Grava\u00e7\u00e3o tamb\u00e9m da\u00a0\u00a0Odeon, de 8 de novembro de 51, lan\u00e7ada um m\u00eas antes da folia, em janeiro, sob n.o 13212-B, matriz 9186. \u201cA minha, a sua, a nossa favorita\u201d Emilinha Borba, fen\u00f4meno de popularidade como raramente se viu em nosso pa\u00eds, e outro grande nome da fase \u00e1urea do r\u00e1dio brasileiro, comparece aqui com outros dois sambas de Geraldo Pereira, em grava\u00e7\u00f5es Continental. O primeiro deles \u00e9 \u201cBoca rica\u201d, parceria de Geraldo com Arnaldo Passos, lan\u00e7ado em janeiro de 1950 para o carnaval desse ano, disco 16142-B, matriz 2211. Do carnaval seguinte, de 1951, \u00e9 \u201cPerdi meu lar\u201d, tamb\u00e9m da parceria Geraldo Pereira-Arnaldo Passos, gravado pela eterna \u201cFavorita\u201d em 25 de outubro de 50 e lan\u00e7ado um m\u00eas antes dos festejos momescos, em janeiro, sob n.o 16340-B, matriz 2478. Logo depois, temos Marlene (Vit\u00f3ria de Martino Bonaiutti), a que foi rival de Emilinha sem nunca ter sido (naquele tempo, como se v\u00ea, j\u00e1 tinha marqueteiro), interpretando outro samba de Geraldo Pereira e Arnaldo Passos, \u201cAquele amor\u201d, destinado ao carnaval de 1952 e lan\u00e7ado pela Continental em janeiro desse ano, tendo a grava\u00e7\u00e3o sido feita em 5 de novembro de 51, disco 16513-A, matriz C-2783. Finalizando, temos uma cantora hoje pouco lembrada, mas que teve sua \u00e9poca, Heleninha Costa, interpretando aqui outro samba de Geraldo Pereira em parceria com Arnaldo Passos: \u201cN\u00e3o consigo esquecer\u201d. Destinado ao carnaval de 1953, foi gravado por Heleninha na RCA Victor em 20 de agosto de 52, sendo lan\u00e7ado ainda em novembro sob n.o 80-1007-A, matriz SB-093410 (no lado B apareceu o cl\u00e1ssico \u201cBarrac\u00e3o\u201d, de Luiz Ant\u00f4nio e Oldemar Magalh\u00e3es). Como se percebe, as m\u00fasicas destinadas ao carnaval eram ent\u00e3o lan\u00e7adas com anteced\u00eancia, a fim de serem divulgadas e aprendidas pelos foli\u00f5es em tempo h\u00e1bil. Assim, chegando fevereiro, o p\u00fablico poderia escolher suas favoritas e cant\u00e1-las nos sal\u00f5es e nas ruas. Na pr\u00f3xima semana, continuaremos a abordar a obra de Geraldo Pereira, apresentando grava\u00e7\u00f5es de cantores contempor\u00e2neos do autor. Aguardem!<\/div>\n<div><\/div>\n<div>*\u00a0Texto de SAMUEL MACHADO FILHO.<\/div>\n","protected":false},"excerpt":{"rendered":"<p>E chegamos a edi\u00e7\u00e3o de n\u00famero 80 do nosso Grand Record Brasil. Em edi\u00e7\u00e3o anterior, como os amigos cultos, ocultos e associados do TM bem se lembram, apresentamos algumas das melhores grava\u00e7\u00f5es de Geraldo Pereira (Juiz de Fora, MG, 1918-Rio &hellip; <a href=\"https:\/\/www.toque-musicall.com\/?p=3662\">Continue lendo <span class=\"meta-nav\">&rarr;<\/span><\/a><\/p>\n","protected":false},"author":1,"featured_media":0,"comment_status":"open","ping_status":"closed","sticky":false,"template":"","format":"standard","meta":{"footnotes":""},"categories":[1142,223,725,11,117,1510,713,103,1236,13],"tags":[],"class_list":["post-3662","post","type-post","status-publish","format-standard","hentry","category-anjos-do-inferno","category-dircinha-batista","category-emilinha-borba","category-exclusivos-do-toque-musical","category-geraldo-pereira","category-heleninha-lima","category-isaura-garcia","category-marlene","category-quatro-azes-e-um-coringa","category-selo-grand-record-brazil"],"_links":{"self":[{"href":"https:\/\/www.toque-musicall.com\/index.php?rest_route=\/wp\/v2\/posts\/3662","targetHints":{"allow":["GET"]}}],"collection":[{"href":"https:\/\/www.toque-musicall.com\/index.php?rest_route=\/wp\/v2\/posts"}],"about":[{"href":"https:\/\/www.toque-musicall.com\/index.php?rest_route=\/wp\/v2\/types\/post"}],"author":[{"embeddable":true,"href":"https:\/\/www.toque-musicall.com\/index.php?rest_route=\/wp\/v2\/users\/1"}],"replies":[{"embeddable":true,"href":"https:\/\/www.toque-musicall.com\/index.php?rest_route=%2Fwp%2Fv2%2Fcomments&post=3662"}],"version-history":[{"count":1,"href":"https:\/\/www.toque-musicall.com\/index.php?rest_route=\/wp\/v2\/posts\/3662\/revisions"}],"predecessor-version":[{"id":3665,"href":"https:\/\/www.toque-musicall.com\/index.php?rest_route=\/wp\/v2\/posts\/3662\/revisions\/3665"}],"wp:attachment":[{"href":"https:\/\/www.toque-musicall.com\/index.php?rest_route=%2Fwp%2Fv2%2Fmedia&parent=3662"}],"wp:term":[{"taxonomy":"category","embeddable":true,"href":"https:\/\/www.toque-musicall.com\/index.php?rest_route=%2Fwp%2Fv2%2Fcategories&post=3662"},{"taxonomy":"post_tag","embeddable":true,"href":"https:\/\/www.toque-musicall.com\/index.php?rest_route=%2Fwp%2Fv2%2Ftags&post=3662"}],"curies":[{"name":"wp","href":"https:\/\/api.w.org\/{rel}","templated":true}]}}