{"id":3670,"date":"2013-12-05T09:05:06","date_gmt":"2013-12-05T11:05:06","guid":{"rendered":"http:\/\/www.toque-musicall.com\/?p=3670"},"modified":"2013-12-05T09:05:06","modified_gmt":"2013-12-05T11:05:06","slug":"os-santos-natal-jovem-1968","status":"publish","type":"post","link":"https:\/\/www.toque-musicall.com\/?p=3670","title":{"rendered":"Os Santos &#8211; Natal Jovem (1968)"},"content":{"rendered":"<p><img loading=\"lazy\" decoding=\"async\" class=\"aligncenter\" alt=\"\" src=\"http:\/\/4.bp.blogspot.com\/-LNtR7f8cleE\/UqBPSnuzobI\/AAAAAAAAH-w\/a9AZhftmBY4\/s640\/Capap.JPG\" width=\"640\" height=\"637\" \/><img loading=\"lazy\" decoding=\"async\" class=\"aligncenter\" alt=\"\" src=\"http:\/\/2.bp.blogspot.com\/-B2RS_f91Fp0\/UqBPNjXj-xI\/AAAAAAAAH-o\/0nDflZrpSAY\/s640\/contrap.JPG\" width=\"636\" height=\"640\" \/><\/p>\n<p>Bom dia, amigos cultos e ocultos! E o tempo passa e eu nem me dei conta de que j\u00e1 estamos no m\u00eas de Natal. Tradicionalmente, nesta \u00e9poca, o Toque Musical sempre apresenta aqui aqueles discos que fizeram a trilha natalina, seja dos anos 50, 60, 70 e quem sabe, at\u00e9 dos anos mais recentes, muito embora esses tipos de discos e m\u00fasicas, nos dias atuais, parece n\u00e3o despertar mais interesse de produtore$ e muito menos de gravadora$. O p\u00fablico, por certo, continuar\u00e1 amando e relembrando velhos natais. Ainda bem que nessas horas existe o Toque Musical e por tr\u00e1s dele, aqui, o velho Augusto TM, que mesmo cansado da indiferen\u00e7a e de uma participa\u00e7\u00e3o mais efetiva (e afetiva) dos prezados amigos cultos e ocultos, continua dando os seus toques musicais.<br \/>\nNeste m\u00eas natalino eu vou procurar fazer diferente, antecipando as trilhas para n\u00e3o ficarem para a \u00faltima hora. Sen\u00e3o, nem d\u00e1 tempo de curtir o Natal dentro do seu tempo. Farei assim algumas postagens ao longo do m\u00eas, fechando tudo no Natal, ok?<br \/>\nSegue ent\u00e3o o primeiro&#8230; Temos aqui o conjunto Os Santos, um grupo pop da \u00e9poca da Jovem Guarda. Semelhantes ao grupo, tamb\u00e9m da mesma \u00e9poca, o The Pop&#8217;s, Os Santos tamb\u00e9m colaboraram fonograficamente para trilharem o Natal. Este disco foi lan\u00e7ado para o Natal de 68, uma produ\u00e7\u00e3o de Oswaldo Cadaxo, atrav\u00e9s de seu selo Equipe. Diferente de outros lan\u00e7amentos natalinos, este \u00e1lbum se propunha a mostrar uma vers\u00e3o mais moderna, ditada pelos jovens da \u00e9poca. De uma certa forma, um disco de natal para jovens :), tocado por um conjunto pop-rock-jovem-guarda-mora!. Contudo, ainda temos um repert\u00f3rio muito legal, onde Os Santos n\u00e3o ficam apenas no mesmo &#8216;arroz com feij\u00e3o&#8217;, com aquelas musiquinhas j\u00e1 bem manjadas. Eles procuraram tamb\u00e9m valorizar a composi\u00e7\u00e3o nacional, artistas e criadores como Assis Valente, Blecaute, Orlan Divo, Ren\u00e9 Bittencourt e outros mais, s\u00e3o alguns dos autores dessas m\u00fasicas que j\u00e1 se tornaram verdadeiros cl\u00e1ssicos do Natal.<\/p>\n<div style=\"text-align: center;\">white christmas<\/div>\n<div style=\"text-align: center;\">noite silenciosa<\/div>\n<div style=\"text-align: center;\">boas festas<\/div>\n<div style=\"text-align: center;\">naltal das crian\u00e7as<\/div>\n<div style=\"text-align: center;\">o velhinho<\/div>\n<div style=\"text-align: center;\">natal de jesus<\/div>\n<div style=\"text-align: center;\">gingle bells<\/div>\n<div style=\"text-align: center;\">nasceu jesus<\/div>\n<div style=\"text-align: center;\">natal sem voc\u00ea<\/div>\n<div style=\"text-align: center;\">foi uma noite clara<\/div>\n<div style=\"text-align: center;\">noturno<\/div>\n<div style=\"text-align: center;\">\u00e9 noite de natal<\/div>\n<div style=\"text-align: center;\"><\/div>\n<div style=\"text-align: center;\">.<\/div>\n","protected":false},"excerpt":{"rendered":"<p>Bom dia, amigos cultos e ocultos! E o tempo passa e eu nem me dei conta de que j\u00e1 estamos no m\u00eas de Natal. Tradicionalmente, nesta \u00e9poca, o Toque Musical sempre apresenta aqui aqueles discos que fizeram a trilha natalina, &hellip; <a href=\"https:\/\/www.toque-musicall.com\/?p=3670\">Continue lendo <span class=\"meta-nav\">&rarr;<\/span><\/a><\/p>\n","protected":false},"author":1,"featured_media":0,"comment_status":"open","ping_status":"closed","sticky":false,"template":"","format":"standard","meta":{"footnotes":""},"categories":[2282,275],"tags":[],"class_list":["post-3670","post","type-post","status-publish","format-standard","hentry","category-natal","category-selo-equipe"],"_links":{"self":[{"href":"https:\/\/www.toque-musicall.com\/index.php?rest_route=\/wp\/v2\/posts\/3670","targetHints":{"allow":["GET"]}}],"collection":[{"href":"https:\/\/www.toque-musicall.com\/index.php?rest_route=\/wp\/v2\/posts"}],"about":[{"href":"https:\/\/www.toque-musicall.com\/index.php?rest_route=\/wp\/v2\/types\/post"}],"author":[{"embeddable":true,"href":"https:\/\/www.toque-musicall.com\/index.php?rest_route=\/wp\/v2\/users\/1"}],"replies":[{"embeddable":true,"href":"https:\/\/www.toque-musicall.com\/index.php?rest_route=%2Fwp%2Fv2%2Fcomments&post=3670"}],"version-history":[{"count":1,"href":"https:\/\/www.toque-musicall.com\/index.php?rest_route=\/wp\/v2\/posts\/3670\/revisions"}],"predecessor-version":[{"id":3673,"href":"https:\/\/www.toque-musicall.com\/index.php?rest_route=\/wp\/v2\/posts\/3670\/revisions\/3673"}],"wp:attachment":[{"href":"https:\/\/www.toque-musicall.com\/index.php?rest_route=%2Fwp%2Fv2%2Fmedia&parent=3670"}],"wp:term":[{"taxonomy":"category","embeddable":true,"href":"https:\/\/www.toque-musicall.com\/index.php?rest_route=%2Fwp%2Fv2%2Fcategories&post=3670"},{"taxonomy":"post_tag","embeddable":true,"href":"https:\/\/www.toque-musicall.com\/index.php?rest_route=%2Fwp%2Fv2%2Ftags&post=3670"}],"curies":[{"name":"wp","href":"https:\/\/api.w.org\/{rel}","templated":true}]}}