{"id":3674,"date":"2013-12-07T21:32:47","date_gmt":"2013-12-07T23:32:47","guid":{"rendered":"http:\/\/www.toque-musicall.com\/?p=3674"},"modified":"2013-12-08T10:55:23","modified_gmt":"2013-12-08T12:55:23","slug":"osvaldo-nunes-the-pops-compacto-1967","status":"publish","type":"post","link":"https:\/\/www.toque-musicall.com\/?p=3674","title":{"rendered":"Osvaldo Nunes &#038; The Pop&#8217;s &#8211; Compacto (1967)"},"content":{"rendered":"<p><img loading=\"lazy\" decoding=\"async\" class=\"aligncenter\" alt=\"\" src=\"http:\/\/1.bp.blogspot.com\/-Th31xnUVIGY\/UqRPTaIgI_I\/AAAAAAAAH_E\/KPfMKwgaYYs\/s640\/lado+A.JPG\" width=\"640\" height=\"638\" \/><img loading=\"lazy\" decoding=\"async\" class=\"aligncenter\" alt=\"\" src=\"http:\/\/1.bp.blogspot.com\/-YlRt73oMXKQ\/UqRPfCXpM5I\/AAAAAAAAH_M\/JvZkivHCRAY\/s640\/lado+B.JPG\" width=\"636\" height=\"640\" \/><\/p>\n<p>Ol\u00e1 amigos cultos e ocultos! Eu havia pensado em dar uma pausa nos compactos, mas \u00e9 que foram aparecendo mais, inclusive vindos atrav\u00e9s dos meus mais prezados colaboradores. Melhor mesmo \u00e9 continuar, mas vou mesclando tamb\u00e9m com alguns lps, ok?<br \/>\nTemos aqui ent\u00e3o este compacto simples, do selo Equipe, trazendo o cantor Osvaldo Nunes e o grupo The Pop&#8217;s, em disco lan\u00e7ado em 1967. Segundo as informa\u00e7\u00f5es contidas no site Jovem Guarda, o presente compacto faz parte de uma s\u00e9rie de tr\u00eas disquinhos lan\u00e7ados naquele ano. A produ\u00e7\u00e3o, ao reunir os artistas, criou uma boa qu\u00edmica ao gosto popular. Os discos fizeram sucesso e entre as m\u00fasicas, a que mais se destacou foi &#8220;Segura Esse Samba Ogunh\u00ea&#8221;, muito tocada nas r\u00e1dios de todo o pa\u00eds e ainda hoje desperta muito interesse. Em 1969 a gravadora decidiu ent\u00e3o fazer um lp, o &#8220;T\u00e1 tudo a\u00ed&#8221;, com esses artistas, que tamb\u00e9m foi um disco de sucesso, inclusive ele j\u00e1 at\u00e9 foi postado aqui. O compacto que temos aqui traz duas composi\u00e7\u00f5es de Osvaldo:<\/p>\n<div style=\"text-align: center;\">segura esse samba, ogunh\u00ea<\/div>\n<div style=\"text-align: center;\">eu chorei<\/div>\n<div style=\"text-align: center;\"><\/div>\n<div style=\"text-align: center;\">.<\/div>\n<div style=\"text-align: center;\"><\/div>\n","protected":false},"excerpt":{"rendered":"<p>Ol\u00e1 amigos cultos e ocultos! Eu havia pensado em dar uma pausa nos compactos, mas \u00e9 que foram aparecendo mais, inclusive vindos atrav\u00e9s dos meus mais prezados colaboradores. Melhor mesmo \u00e9 continuar, mas vou mesclando tamb\u00e9m com alguns lps, ok? &hellip; <a href=\"https:\/\/www.toque-musicall.com\/?p=3674\">Continue lendo <span class=\"meta-nav\">&rarr;<\/span><\/a><\/p>\n","protected":false},"author":1,"featured_media":0,"comment_status":"open","ping_status":"closed","sticky":false,"template":"","format":"standard","meta":{"footnotes":""},"categories":[93,1215,275,381],"tags":[],"class_list":["post-3674","post","type-post","status-publish","format-standard","hentry","category-compactos","category-osvaldo-nunes","category-selo-equipe","category-the-pops"],"_links":{"self":[{"href":"https:\/\/www.toque-musicall.com\/index.php?rest_route=\/wp\/v2\/posts\/3674","targetHints":{"allow":["GET"]}}],"collection":[{"href":"https:\/\/www.toque-musicall.com\/index.php?rest_route=\/wp\/v2\/posts"}],"about":[{"href":"https:\/\/www.toque-musicall.com\/index.php?rest_route=\/wp\/v2\/types\/post"}],"author":[{"embeddable":true,"href":"https:\/\/www.toque-musicall.com\/index.php?rest_route=\/wp\/v2\/users\/1"}],"replies":[{"embeddable":true,"href":"https:\/\/www.toque-musicall.com\/index.php?rest_route=%2Fwp%2Fv2%2Fcomments&post=3674"}],"version-history":[{"count":1,"href":"https:\/\/www.toque-musicall.com\/index.php?rest_route=\/wp\/v2\/posts\/3674\/revisions"}],"predecessor-version":[{"id":3678,"href":"https:\/\/www.toque-musicall.com\/index.php?rest_route=\/wp\/v2\/posts\/3674\/revisions\/3678"}],"wp:attachment":[{"href":"https:\/\/www.toque-musicall.com\/index.php?rest_route=%2Fwp%2Fv2%2Fmedia&parent=3674"}],"wp:term":[{"taxonomy":"category","embeddable":true,"href":"https:\/\/www.toque-musicall.com\/index.php?rest_route=%2Fwp%2Fv2%2Fcategories&post=3674"},{"taxonomy":"post_tag","embeddable":true,"href":"https:\/\/www.toque-musicall.com\/index.php?rest_route=%2Fwp%2Fv2%2Ftags&post=3674"}],"curies":[{"name":"wp","href":"https:\/\/api.w.org\/{rel}","templated":true}]}}