{"id":3679,"date":"2013-12-08T10:59:37","date_gmt":"2013-12-08T12:59:37","guid":{"rendered":"http:\/\/www.toque-musicall.com\/?p=3679"},"modified":"2013-12-08T11:00:43","modified_gmt":"2013-12-08T13:00:43","slug":"avena-e-primo-som-ambiente-vol-3-1979","status":"publish","type":"post","link":"https:\/\/www.toque-musicall.com\/?p=3679","title":{"rendered":"Avena E Primo &#8211; Som Ambiente Vol. 3 (1979)"},"content":{"rendered":"<p><img loading=\"lazy\" decoding=\"async\" class=\"aligncenter\" alt=\"\" src=\"http:\/\/3.bp.blogspot.com\/-aIpRSPKhYF0\/UqRerB7_WcI\/AAAAAAAAH_k\/xFX3UxHq1bs\/s640\/capap.JPG\" width=\"640\" height=\"638\" \/><img loading=\"lazy\" decoding=\"async\" class=\"aligncenter\" alt=\"\" src=\"http:\/\/2.bp.blogspot.com\/-3zht56zHHTI\/UqRem0CyOgI\/AAAAAAAAH_c\/p21gD_97FyY\/s640\/contrap.JPG\" width=\"626\" height=\"640\" \/><\/p>\n<p>Bom dia, amigos cultos e ocultos! Hoje vai um lp e desta vez trazendo dois importantes instrumentistas, m\u00fasicos e compositores, o citarista Avena de Castro tocando ao lado do pianista Jo\u00e3o Peixoto Primo em mais um disco da s\u00e9rie &#8220;Som Ambiente&#8221;, lan\u00e7ada nos anos 70 pela CID. Este \u00e9 o terceiro volume, lan\u00e7ado em 1979. O volume 2 saiu em 1975. Por\u00e9m, definitivamente para mim, parace n\u00e3o existir o primeiro volume, pelo menos com os dois artistas. Lembro que em 1972 a CID havia lan\u00e7ado um lp com este t\u00edtulo e conforme consta &#8216;nos altos&#8217;, quem toca neste disco s\u00e3o os membros do grupo instrumental Azimuth. Da\u00ed, suponho eu que o Volume 1 seja esse, inclusive um disco j\u00e1 postado aqui no Toque Musical.<br \/>\nNeste terceiro volume, a dupla Avena e Primo d\u00e1 sequ\u00eancia a um repert\u00f3rio de m\u00fasicas variadas, nacionais e internacionais, sucessos populares que aqui ganh\u00e3o uma interpreta\u00e7\u00e3o de toques suaves, bem apropriados a um som ambiente, m\u00fasica para se ouvir em elevador (nos anos 70, claro!)<\/p>\n<div style=\"text-align: center;\">c\u00f4co, s\u00f3 c\u00f4co<\/div>\n<div style=\"text-align: center;\">romance de amor<\/div>\n<div style=\"text-align: center;\">tamanco malandrinho<\/div>\n<div style=\"text-align: center;\">dona flor e seus dois maridos<\/div>\n<div style=\"text-align: center;\">la chanson pour anna<\/div>\n<div style=\"text-align: center;\">naquela mesa<\/div>\n<div style=\"text-align: center;\">de peito aberto<\/div>\n<div style=\"text-align: center;\">soleando<\/div>\n<div style=\"text-align: center;\">v\u00f4 bat\u00ea pra tu<\/div>\n<div style=\"text-align: center;\">feelings<\/div>\n<div style=\"text-align: center;\">tor\u00f3 de l\u00e1grimas<\/div>\n<div style=\"text-align: center;\">the entertainer<\/div>\n<div style=\"text-align: center;\">eu quero apenas<\/div>\n<div style=\"text-align: center;\"><\/div>\n<div style=\"text-align: center;\">.<\/div>\n<div style=\"text-align: center;\"><\/div>\n","protected":false},"excerpt":{"rendered":"<p>Bom dia, amigos cultos e ocultos! Hoje vai um lp e desta vez trazendo dois importantes instrumentistas, m\u00fasicos e compositores, o citarista Avena de Castro tocando ao lado do pianista Jo\u00e3o Peixoto Primo em mais um disco da s\u00e9rie &#8220;Som &hellip; <a href=\"https:\/\/www.toque-musicall.com\/?p=3679\">Continue lendo <span class=\"meta-nav\">&rarr;<\/span><\/a><\/p>\n","protected":false},"author":1,"featured_media":0,"comment_status":"open","ping_status":"closed","sticky":false,"template":"","format":"standard","meta":{"footnotes":""},"categories":[2283,2284,345],"tags":[],"class_list":["post-3679","post","type-post","status-publish","format-standard","hentry","category-avena-de-castro","category-primo","category-selo-cid"],"_links":{"self":[{"href":"https:\/\/www.toque-musicall.com\/index.php?rest_route=\/wp\/v2\/posts\/3679","targetHints":{"allow":["GET"]}}],"collection":[{"href":"https:\/\/www.toque-musicall.com\/index.php?rest_route=\/wp\/v2\/posts"}],"about":[{"href":"https:\/\/www.toque-musicall.com\/index.php?rest_route=\/wp\/v2\/types\/post"}],"author":[{"embeddable":true,"href":"https:\/\/www.toque-musicall.com\/index.php?rest_route=\/wp\/v2\/users\/1"}],"replies":[{"embeddable":true,"href":"https:\/\/www.toque-musicall.com\/index.php?rest_route=%2Fwp%2Fv2%2Fcomments&post=3679"}],"version-history":[{"count":1,"href":"https:\/\/www.toque-musicall.com\/index.php?rest_route=\/wp\/v2\/posts\/3679\/revisions"}],"predecessor-version":[{"id":3682,"href":"https:\/\/www.toque-musicall.com\/index.php?rest_route=\/wp\/v2\/posts\/3679\/revisions\/3682"}],"wp:attachment":[{"href":"https:\/\/www.toque-musicall.com\/index.php?rest_route=%2Fwp%2Fv2%2Fmedia&parent=3679"}],"wp:term":[{"taxonomy":"category","embeddable":true,"href":"https:\/\/www.toque-musicall.com\/index.php?rest_route=%2Fwp%2Fv2%2Fcategories&post=3679"},{"taxonomy":"post_tag","embeddable":true,"href":"https:\/\/www.toque-musicall.com\/index.php?rest_route=%2Fwp%2Fv2%2Ftags&post=3679"}],"curies":[{"name":"wp","href":"https:\/\/api.w.org\/{rel}","templated":true}]}}