{"id":368,"date":"2011-08-21T14:17:00","date_gmt":"2011-08-21T14:17:00","guid":{"rendered":"http:\/\/www.toque-musicall.com\/?p=368"},"modified":"2011-08-21T14:17:00","modified_gmt":"2011-08-21T14:17:00","slug":"eu-bahia-edinho-marundele-e-onias-comenda-1972","status":"publish","type":"post","link":"https:\/\/www.toque-musicall.com\/?p=368","title":{"rendered":"Eu, Bahia &#8211; Edinho Marundel\u00ea E Onias Comenda (1972)"},"content":{"rendered":"<div style=\"clear: both; text-align: center;\"><a href=\"http:\/\/2.bp.blogspot.com\/-dGZZX_cNgQc\/TlEEqMe4TlI\/AAAAAAAAIQE\/wJPLk2DXJVs\/s1600\/eu%252C+bahia+P.JPG\" style=\"margin-left: 1em; margin-right: 1em;\"><img loading=\"lazy\" decoding=\"async\" border=\"0\" height=\"396\" src=\"http:\/\/2.bp.blogspot.com\/-dGZZX_cNgQc\/TlEEqMe4TlI\/AAAAAAAAIQE\/wJPLk2DXJVs\/s400\/eu%252C+bahia+P.JPG\" width=\"400\" \/><\/a><\/div>\n<p>Bom dia, amigos cultos e ocultos. Como tenho andado numa correria danada, acabo muitas vezes dando a parecer que n\u00e3o estou atento aos coment\u00e1rios, e-mails e outras mensagens. Mas podem ter certeza, estou de olhos e ouvidos abertos. Como j\u00e1 disse, na medida do poss\u00edvel, vamos resolvendo tudo. \u00c9 s\u00f3 uma quest\u00e3o de paci\u00eancia.<br \/>Segue neste domingo um disco que agrada muito ao pessoal da Caopeira e tamb\u00e9m da Umbanda. Ali\u00e1s, agrada a todo aquele que, na m\u00fasica, valoriza o ritmo e percuss\u00e3o. Eis aqui um lp raro, gravado no in\u00edcio dos anos 70, prestigiando dois dos principais instrumentos musicais que mais caracterizam a Bahia. N\u00e3o \u00e9 atoa que o nome do disco \u00e9 &#8220;Eu, Bahia&#8221;. Um t\u00edtulo que expressa bem a proposta musical de Onias Comenda e Edinho Marundel\u00ea, dois importantes nomes da Umbanda e da Capoeira.<br \/>&#8220;Eu, Bahia&#8221; \u00e9 um \u00e1lbum para dois. De um lado temos Edinho Marundel\u00ea, que canta e toca no atabaque v\u00e1rios pontos de Umbanda. Do outro lado temos Onias Comenda, mostrando no berimbau diversos toques de capoeira. \u00c9 interessante observar deste lado do disco a presen\u00e7a da viola, que numa das faixas \u00e9 tocada ao lado do berimbau, numa aut\u00eantica peleja, no &#8220;Desafio da viola com o berimbau&#8221;.<br \/>N\u00e3o deixem de conferir, pois vale mesmo a pena ouvir oqu\u00ea que a Bahia tinha&#8230;<\/p>\n<div style=\"text-align: center;\">Edinho Marundel\u00ea:<\/div>\n<div style=\"text-align: center;\">s\u00eaquec\u00ea (ora\u00e7\u00e3o aos orix\u00e1s, ritual angola)<\/div>\n<div style=\"text-align: center;\">ouiumba ouiumba \u00e9 de m\u00ea (pergunta, ritual angola)<\/div>\n<div style=\"text-align: center;\">ereum mal\u00ea (sauda\u00e7\u00e3o \u00e0 oxum, ritual gegy)<\/div>\n<div style=\"text-align: center;\">y\u00eay\u00ea \u00f4 (sauda\u00e7\u00e3o \u00e0 oxum, ritual gegy)<\/div>\n<div style=\"text-align: center;\">yada ba\u00f4 &#8211; sauda\u00e7\u00e3o \u00e0 oxum, ritual gegy)<\/div>\n<div style=\"text-align: center;\">minha ora\u00ea (sa\u00edda de caboclo)<\/div>\n<div style=\"text-align: center;\">t\u00eat\u00eat\u00ea da cabocla kissanga (ritual caboclo)<\/div>\n<div style=\"text-align: center;\">orid\u00ea de\u00f4 (sauda\u00e7\u00e3o \u00e0 oxum, ritual k\u00eatu)<\/div>\n<div style=\"text-align: center;\">cambinda queuaraquara (pedido de licen\u00e7a para entrar no terreiro de angola, ritual angola)<\/div>\n<div style=\"text-align: center;\">dilanumatambangola (despedida de nan\u00e3, ritual angola)<\/div>\n<div style=\"text-align: center;\">Onias Comenda:<\/div>\n<div style=\"text-align: center;\">toques tradicionais (angola, s\u00e3o bento grande, santa maria e idalina)<\/div>\n<div style=\"text-align: center;\">cantigos da capoeira<\/div>\n<div style=\"text-align: center;\">trio de berimbaus (gunga, viola e viola centro)<\/div>\n<div style=\"text-align: center;\">desafio da viola com o berimbau<\/div>\n<div style=\"text-align: center;\">berimbau (improvisa\u00e7\u00e3o)<\/div>\n<div style=\"text-align: center;\">\u00ea tava l\u00e1 em casa<\/div>\n<div style=\"text-align: center;\"><\/div>\n","protected":false},"excerpt":{"rendered":"<p>Bom dia, amigos cultos e ocultos. Como tenho andado numa correria danada, acabo muitas vezes dando a parecer que n\u00e3o estou atento aos coment\u00e1rios, e-mails e outras mensagens. Mas podem ter certeza, estou de olhos e ouvidos abertos. Como j\u00e1 &hellip; <a href=\"https:\/\/www.toque-musicall.com\/?p=368\">Continue lendo <span class=\"meta-nav\">&rarr;<\/span><\/a><\/p>\n","protected":false},"author":1,"featured_media":0,"comment_status":"open","ping_status":"closed","sticky":false,"template":"","format":"standard","meta":{"footnotes":""},"categories":[594,592,593,591,48],"tags":[],"class_list":["post-368","post","type-post","status-publish","format-standard","hentry","category-bahia-edinho-marundele","category-eu","category-eu-bahia","category-onias-comenda","category-selo-philips"],"_links":{"self":[{"href":"https:\/\/www.toque-musicall.com\/index.php?rest_route=\/wp\/v2\/posts\/368","targetHints":{"allow":["GET"]}}],"collection":[{"href":"https:\/\/www.toque-musicall.com\/index.php?rest_route=\/wp\/v2\/posts"}],"about":[{"href":"https:\/\/www.toque-musicall.com\/index.php?rest_route=\/wp\/v2\/types\/post"}],"author":[{"embeddable":true,"href":"https:\/\/www.toque-musicall.com\/index.php?rest_route=\/wp\/v2\/users\/1"}],"replies":[{"embeddable":true,"href":"https:\/\/www.toque-musicall.com\/index.php?rest_route=%2Fwp%2Fv2%2Fcomments&post=368"}],"version-history":[{"count":0,"href":"https:\/\/www.toque-musicall.com\/index.php?rest_route=\/wp\/v2\/posts\/368\/revisions"}],"wp:attachment":[{"href":"https:\/\/www.toque-musicall.com\/index.php?rest_route=%2Fwp%2Fv2%2Fmedia&parent=368"}],"wp:term":[{"taxonomy":"category","embeddable":true,"href":"https:\/\/www.toque-musicall.com\/index.php?rest_route=%2Fwp%2Fv2%2Fcategories&post=368"},{"taxonomy":"post_tag","embeddable":true,"href":"https:\/\/www.toque-musicall.com\/index.php?rest_route=%2Fwp%2Fv2%2Ftags&post=368"}],"curies":[{"name":"wp","href":"https:\/\/api.w.org\/{rel}","templated":true}]}}