{"id":3683,"date":"2013-12-09T22:06:52","date_gmt":"2013-12-10T00:06:52","guid":{"rendered":"http:\/\/www.toque-musicall.com\/?p=3683"},"modified":"2013-12-09T22:15:01","modified_gmt":"2013-12-10T00:15:01","slug":"a-musica-de-geraldo-pereira-parte-2-selecao-78-rpm-do-toque-musical-vol-81-2013","status":"publish","type":"post","link":"https:\/\/www.toque-musicall.com\/?p=3683","title":{"rendered":"A M\u00fasica De Geraldo Pereira &#8211; Parte 2 &#8211; Sele\u00e7\u00e3o 78 RPM Do Toque Musical Vol. 81 (2013)"},"content":{"rendered":"<p><img loading=\"lazy\" decoding=\"async\" class=\"aligncenter\" alt=\"\" src=\"http:\/\/1.bp.blogspot.com\/-e5FWvHKn2u4\/UqZYYm8b8iI\/AAAAAAAAIAY\/qPXerQWVrDM\/s640\/CAPAp.JPG\" width=\"640\" height=\"640\" \/><img loading=\"lazy\" decoding=\"async\" class=\"aligncenter\" alt=\"\" src=\"http:\/\/3.bp.blogspot.com\/-NAwNjN2OtUY\/UqZYUXHd1GI\/AAAAAAAAIAQ\/eTNKlo2q8Y4\/s640\/CONTRACAPAp.JPG\" width=\"640\" height=\"640\" \/><\/p>\n<div>Estamos de volta com o Grand Record Brazil, em sua edi\u00e7\u00e3o de n\u00famero 81. Desta vez, focalizamos mais uma substancial parcela da preciosa obra de Geraldo Pereira (1918-1955), interpretada por cantores contempor\u00e2neos do compositor.\u00a0\u00a0O programa comp\u00f5e-se de onze grava\u00e7\u00f5es de import\u00e2ncia\u00a0\u00a0hist\u00f3rica, art\u00edstica e cultural indiscut\u00edveis. Abrindo a sele\u00e7\u00e3o desta semana do GRB, temos Roberto Paiva (Helim Silveira Neves) interpretando dois sambas do mestre Geraldo, em grava\u00e7\u00f5es Victor.\u00a0\u00a0O primeiro \u00e9 \u201cLembras-te daquela zinha?\u201d , parceria com Augusto Garcez, em registro de 9 de junho de 1941, lan\u00e7ada em agosto seguinte com o n.o 34784-A, matriz S-0522238. O segundo \u00e9 \u201cJ\u00e1 tenho outra\u201d, em que Geraldo Pereira conta com a parceria de Augusto Garcez, gravado por Paiva em 11 de junho de 1943 e lan\u00e7ado em\u00a0\u00a011 de junho de 1943 e lan\u00e7ado em setembro do mesmo ano com o n.o 80-0113-B, matriz S-052791. Bem mais adiante, na faixa 8, Roberto Paiva interpreta \u201cBrigaram pra valer\u201d, parceria de Geraldo com Jos\u00e9 Batista. \u00c9 um samba do carnaval de 1949, lan\u00e7ado pela Continental em janeiro desse ano sob n.o 15983-A, matriz 2003. Orlando Silva (1915-1978), o sempre lembrado \u201ccantor das multid\u00f5es\u201d, comparece com outros dois sambas. \u201cJurei\u201d \u00e9 uma parceria de Geraldo Pereira com o \u201camigo velho\u201d Crist\u00f3v\u00e3o de Alencar,\u00a0\u00a0destinada ao carnaval de 1946. Grava\u00e7\u00e3o Odeon ainda de 45, feita a 8 de novembro,\u00a0\u00a0e lan\u00e7ada bem em cima da folia, em fevereiro, disco 12662-B, matriz 7934. Depois, Orlando interpreta um samba de Geraldo sem parceiro, s\u00f3 gravado seis anos ap\u00f3s a morte do compositor. \u00c9 \u201cVai\u201d, registro RCA Victor (gravadora \u00e0 qual Orlando havia retornado definitivamente) datado de 20 de abril de 1961, e lan\u00e7ado em maio seguinte sob n\u00famero 80-2326-A, matriz M2CAB-1254, sendo tamb\u00e9m\u00a0\u00a0inclu\u00eddo no compacto duplo de 45 rpm \u201cOntem \u00e0 tarde\u201d. Outro expressivo int\u00e9rprete da obra de Geraldo Pereira, D\u00e9o (Ferjallah Rizkallah, 1914-1971), \u201co ditador de sucessos\u201d, interpreta dois sambas s\u00f3 de Geraldo Pereira, que gravou na Continental em 2 de junho de 1946 com lan\u00e7amento em agosto sob n.o 15660. Abrindo-o, matriz 1507, \u201cS\u00f3 quis meu nome\u201d, e no verso, matriz 1506, \u201cAinda sou seu amigo\u201d. No acompanhamento, o regional de Benedito Lacerda, com sua flauta inconfund\u00edvel. Conhecido como \u201co pr\u00edncipe do samba\u201d, Roberto Silva (Rio de Janeiro, 1912-idem, 2012) interpreta aqui um samba de Geraldo Pereira sem parceria, lan\u00e7ado pela Star em 1949 sob n\u00famero 147-B. \u00c9 \u201cMinha companheira\u201d, inspirado em Isabel, a grande paix\u00e3o da vida do compositor. Segundo depoimento dela pr\u00f3pria, o samba foi composto por Geraldo bem antes deste registro, quando ambos ainda moravam juntos no bairro carioca da Cruz Vermelha. Um dos pioneiros da grava\u00e7\u00e3o em disco no Brasil, o\u00a0\u00a0j\u00e1 veterano Patr\u00edcio Teixeira (1893-1972) aqui comparece com \u201cAdeus\u201d,\u00a0\u00a0samba da parceria Geraldo Pereira-Augusto Garcez, grava\u00e7\u00e3o Victor de 12 de mar\u00e7o de 1942, lan\u00e7ada em maio do mesmo ano, disco 34926-A, matriz S-052497. Canto de discografia escassa mas bastante significativa (oito discos 78, um LP e um compacto duplo, Ab\u00edlio Lessa (Rio de Janeiro, 1926-idem, 1975), morto prematuramente, aos 49 anos, de c\u00e2ncer no es\u00f4fago,\u00a0\u00a0aqui comparece com \u201cLiberta meu cora\u00e7\u00e3o\u201d, samba da parceria Geraldo Pereira-Jos\u00e9 Batista, destinado ao carnaval\u00a0\u00a0de 1948. Foi gravado na RCA Victor ainda em 47, no dia 27 de outubro, com lan\u00e7amento em dezembro seguinte sob n.o 80-0563-B, matriz S-078803. E para encerrar, o samba-can\u00e7\u00e3o \u201cPromessa de um caboclo\u201d, parceria de Geraldo Pereira com Arnaldo Passos. A refer\u00eancia, na letra, \u00e0s festas de S\u00e3o Jo\u00e3o, pode ser lembran\u00e7a dos tempos de menino de Geraldo, em sua cidade natal (Juiz de Fora, Minas Gerais). Quem canta \u00e9 Francisco Carlos (Francisco Rodrigues Filho, 1928-2003), o eterno \u201cEl broto\u201d, astro da R\u00e1dio Nacional e dos filmes da Atl\u00e2ntida, em grava\u00e7\u00e3o RCA Victor de 27 de mar\u00e7o de 1952, lan\u00e7ada em junho seguinte sob n.o 80-0909-B, matriz S-093229. Enfim, \u00e9 mais um trabalho do GRB que certamente ser\u00e1 bastante apreciado por nossos amigos, cultos, ocultos e associados. Ou\u00e7am e desfrutem!<\/div>\n<div><\/div>\n<div>*Texto de Samuel Machado Filho<\/div>\n<div><\/div>\n","protected":false},"excerpt":{"rendered":"<p>Estamos de volta com o Grand Record Brazil, em sua edi\u00e7\u00e3o de n\u00famero 81. Desta vez, focalizamos mais uma substancial parcela da preciosa obra de Geraldo Pereira (1918-1955), interpretada por cantores contempor\u00e2neos do compositor.\u00a0\u00a0O programa comp\u00f5e-se de onze grava\u00e7\u00f5es de &hellip; <a href=\"https:\/\/www.toque-musicall.com\/?p=3683\">Continue lendo <span class=\"meta-nav\">&rarr;<\/span><\/a><\/p>\n","protected":false},"author":1,"featured_media":0,"comment_status":"open","ping_status":"closed","sticky":false,"template":"","format":"standard","meta":{"footnotes":""},"categories":[141,11,216,85,680,262,13],"tags":[],"class_list":["post-3683","post","type-post","status-publish","format-standard","hentry","category-deo","category-exclusivos-do-toque-musical","category-francisco-carlos","category-orlando-silva","category-roberto-paiva-franciso-alves","category-roberto-silva","category-selo-grand-record-brazil"],"_links":{"self":[{"href":"https:\/\/www.toque-musicall.com\/index.php?rest_route=\/wp\/v2\/posts\/3683","targetHints":{"allow":["GET"]}}],"collection":[{"href":"https:\/\/www.toque-musicall.com\/index.php?rest_route=\/wp\/v2\/posts"}],"about":[{"href":"https:\/\/www.toque-musicall.com\/index.php?rest_route=\/wp\/v2\/types\/post"}],"author":[{"embeddable":true,"href":"https:\/\/www.toque-musicall.com\/index.php?rest_route=\/wp\/v2\/users\/1"}],"replies":[{"embeddable":true,"href":"https:\/\/www.toque-musicall.com\/index.php?rest_route=%2Fwp%2Fv2%2Fcomments&post=3683"}],"version-history":[{"count":1,"href":"https:\/\/www.toque-musicall.com\/index.php?rest_route=\/wp\/v2\/posts\/3683\/revisions"}],"predecessor-version":[{"id":3686,"href":"https:\/\/www.toque-musicall.com\/index.php?rest_route=\/wp\/v2\/posts\/3683\/revisions\/3686"}],"wp:attachment":[{"href":"https:\/\/www.toque-musicall.com\/index.php?rest_route=%2Fwp%2Fv2%2Fmedia&parent=3683"}],"wp:term":[{"taxonomy":"category","embeddable":true,"href":"https:\/\/www.toque-musicall.com\/index.php?rest_route=%2Fwp%2Fv2%2Fcategories&post=3683"},{"taxonomy":"post_tag","embeddable":true,"href":"https:\/\/www.toque-musicall.com\/index.php?rest_route=%2Fwp%2Fv2%2Ftags&post=3683"}],"curies":[{"name":"wp","href":"https:\/\/api.w.org\/{rel}","templated":true}]}}