{"id":3689,"date":"2013-12-10T23:10:52","date_gmt":"2013-12-11T01:10:52","guid":{"rendered":"http:\/\/www.toque-musicall.com\/?p=3689"},"modified":"2013-12-10T23:10:52","modified_gmt":"2013-12-11T01:10:52","slug":"altamiro-carrilho-e-sua-bandinha-natal-1959","status":"publish","type":"post","link":"https:\/\/www.toque-musicall.com\/?p=3689","title":{"rendered":"Altamiro Carrilho E Sua Bandinha &#8211; Natal (1959)"},"content":{"rendered":"<p><img loading=\"lazy\" decoding=\"async\" class=\"aligncenter\" alt=\"\" src=\"http:\/\/4.bp.blogspot.com\/-4nLiGJiJTbU\/Uqe12_zlWlI\/AAAAAAAAIA8\/T-TlY83glyo\/s640\/capap.JPG\" width=\"640\" height=\"628\" \/><img loading=\"lazy\" decoding=\"async\" class=\"aligncenter\" alt=\"\" src=\"http:\/\/3.bp.blogspot.com\/-uSSjOFcUQnU\/Uqe0aYvXC6I\/AAAAAAAAIAw\/7yCH_s2ETWg\/s640\/contrap.JPG\" width=\"640\" height=\"632\" \/><\/p>\n<div itemprop=\"articleBody\">Ol\u00e1 meus prezados amigos cultos e ocultos! Como disse, vamos ao longo do m\u00eas postando alguns discos de \u00a0natal. Desta vez, trago para voc\u00eas o &#8220;Natal&#8221; de Altamiro Carilho e sua Bandinha. Disco gravado para o Natal de 59. No repert\u00f3rio temos aquela cl\u00e1ssica sele\u00e7\u00e3o, que muda aqui e ali, mas vai sempre nas mesmas. Mas isso n\u00e3o quer dizer que seja ruim. Muito pelo contr\u00e1rio. \u00c9 bom ouvir diferentes interpreta\u00e7\u00f5es de uma m\u00fasica. E no pique natalino todas, mesmo se repetindo, s\u00e3o sempre muito bem vindas. Eu pessoalmente adoro este disco do Altamiro, principalmente por conta da bel\u00edssima capa, cuja a imagem ficou marcada na minha mem\u00f3ria (e j\u00e1 naquela \u00e9poca eu achava este disco velho, ora vejam voc\u00eas!).<\/p>\n<div style=\"text-align: center;\">jingle bells<\/div>\n<div style=\"text-align: center;\">o tannenbaum<\/div>\n<div style=\"text-align: center;\">saudade de papai noel<\/div>\n<div style=\"text-align: center;\">lapinha de jerusalem<\/div>\n<div style=\"text-align: center;\">boas festas<\/div>\n<div style=\"text-align: center;\">l\u00e1 vem papai noel<\/div>\n<div style=\"text-align: center;\">natal das crian\u00e7as<\/div>\n<div style=\"text-align: center;\">natal branco<\/div>\n<div style=\"text-align: center;\">noite silenciosa<\/div>\n<div style=\"text-align: center;\">o velhinho<\/div>\n<div style=\"text-align: center;\">24 de dezembro<\/div>\n<div style=\"text-align: center;\"><\/div>\n<div style=\"text-align: center;\">.<\/div>\n<div style=\"text-align: center;\"><\/div>\n<\/div>\n<div style=\"text-align: center;\"><\/div>\n","protected":false},"excerpt":{"rendered":"<p>Ol\u00e1 meus prezados amigos cultos e ocultos! Como disse, vamos ao longo do m\u00eas postando alguns discos de \u00a0natal. Desta vez, trago para voc\u00eas o &#8220;Natal&#8221; de Altamiro Carilho e sua Bandinha. Disco gravado para o Natal de 59. No &hellip; <a href=\"https:\/\/www.toque-musicall.com\/?p=3689\">Continue lendo <span class=\"meta-nav\">&rarr;<\/span><\/a><\/p>\n","protected":false},"author":1,"featured_media":0,"comment_status":"open","ping_status":"closed","sticky":false,"template":"","format":"standard","meta":{"footnotes":""},"categories":[213,2282,152],"tags":[],"class_list":["post-3689","post","type-post","status-publish","format-standard","hentry","category-altamiro-carrilho","category-natal","category-selo-copacabana"],"_links":{"self":[{"href":"https:\/\/www.toque-musicall.com\/index.php?rest_route=\/wp\/v2\/posts\/3689","targetHints":{"allow":["GET"]}}],"collection":[{"href":"https:\/\/www.toque-musicall.com\/index.php?rest_route=\/wp\/v2\/posts"}],"about":[{"href":"https:\/\/www.toque-musicall.com\/index.php?rest_route=\/wp\/v2\/types\/post"}],"author":[{"embeddable":true,"href":"https:\/\/www.toque-musicall.com\/index.php?rest_route=\/wp\/v2\/users\/1"}],"replies":[{"embeddable":true,"href":"https:\/\/www.toque-musicall.com\/index.php?rest_route=%2Fwp%2Fv2%2Fcomments&post=3689"}],"version-history":[{"count":1,"href":"https:\/\/www.toque-musicall.com\/index.php?rest_route=\/wp\/v2\/posts\/3689\/revisions"}],"predecessor-version":[{"id":3692,"href":"https:\/\/www.toque-musicall.com\/index.php?rest_route=\/wp\/v2\/posts\/3689\/revisions\/3692"}],"wp:attachment":[{"href":"https:\/\/www.toque-musicall.com\/index.php?rest_route=%2Fwp%2Fv2%2Fmedia&parent=3689"}],"wp:term":[{"taxonomy":"category","embeddable":true,"href":"https:\/\/www.toque-musicall.com\/index.php?rest_route=%2Fwp%2Fv2%2Fcategories&post=3689"},{"taxonomy":"post_tag","embeddable":true,"href":"https:\/\/www.toque-musicall.com\/index.php?rest_route=%2Fwp%2Fv2%2Ftags&post=3689"}],"curies":[{"name":"wp","href":"https:\/\/api.w.org\/{rel}","templated":true}]}}