{"id":369,"date":"2011-08-20T21:33:00","date_gmt":"2011-08-20T21:33:00","guid":{"rendered":"http:\/\/www.toque-musicall.com\/?p=369"},"modified":"2011-08-20T21:33:00","modified_gmt":"2011-08-20T21:33:00","slug":"elas-cantam-samba-vol-2-selecao-toque-musical-2011","status":"publish","type":"post","link":"https:\/\/www.toque-musicall.com\/?p=369","title":{"rendered":"Elas Cantam Samba Vol. 2 &#8211; Sele\u00e7\u00e3o Toque Musical (2011)"},"content":{"rendered":"<div style=\"clear: both; text-align: center;\"><a href=\"http:\/\/1.bp.blogspot.com\/-W-Anv4AKfXc\/TlAZd1tiEBI\/AAAAAAAAIQA\/fjCzXgMC9JU\/s1600\/Elas++P.JPG\" style=\"margin-left: 1em; margin-right: 1em;\"><img loading=\"lazy\" decoding=\"async\" border=\"0\" height=\"382\" src=\"http:\/\/1.bp.blogspot.com\/-W-Anv4AKfXc\/TlAZd1tiEBI\/AAAAAAAAIQA\/fjCzXgMC9JU\/s400\/Elas++P.JPG\" width=\"400\" \/><\/a><\/div>\n<p>Boa noite, amigos cultos e ocultos! Neste m\u00eas de agosto eu tenho andado meio apertado, cheio de tarefas, como voc\u00ea j\u00e1 sabem. Mas, na medida do poss\u00edvel, venho tentando manter as postagens e tamb\u00e9m atender ao pedidos para reativa\u00e7\u00e3o de alguns toques. Segura a\u00ed que chega a sua vez \ud83d\ude09<br \/>Hoje, dia de colet\u00e2nea, estou trazendo para voc\u00eas uma sele\u00e7\u00e3o que denominei &#8220;Elas Cantam Samba, Vol. 2&#8221;. Uma sequ\u00eancia bem selecionada de cantoras interpretando sambas. Desta vez, procurei focar nas novas int\u00e9rpretes, cantoras atuais e que eu gosto muito. Tamb\u00e9m inclui dois sambas com a saudosa Miriam Batucada, um nome das antigas, mas que cai bem neste grupo. \u00c9 claro que muitas outras cantoras atuais, injustamente, ficaram de fora, mas haver\u00e1 oporutnidades para volumes 3, 4, 5&#8230; \u00e9 s\u00f3 esperar \ud83d\ude09<br \/>Confiram e comentem se est\u00e1 ao gosto \ud83d\ude09<br \/>*Para quem n\u00e3o viu e nem ouviu, o <a href=\"http:\/\/toque-musicall.blogspot.com\/2011\/05\/elas-cantam-samba-volume-1-2011.html\">Volume 1<\/a> tamb\u00e9m \u00e9 \u00f3timo!<\/p>\n<div style=\"text-align: center;\">cabrochinha &#8211; m\u00f4nica salmaso<\/div>\n<div style=\"text-align: center;\">alagoas &#8211; ana caram<\/div>\n<div style=\"text-align: center;\">me deixa que eu quero sambar &#8211; aline calixto<\/div>\n<div style=\"text-align: center;\">apanhei um refriado &#8211; miriam batucada<\/div>\n<div style=\"text-align: center;\">canto em qualquer canto &#8211; n\u00e1 ozzetti<\/div>\n<div style=\"text-align: center;\">meu &#8211; ana paula lopes<\/div>\n<div style=\"text-align: center;\">sempre amor &#8211; julia ribas<\/div>\n<div style=\"text-align: center;\">ponto de vista &#8211; am\u00e9lia rabello<\/div>\n<div style=\"text-align: center;\">labareda &#8211; m\u00f4nica salmaso<\/div>\n<div style=\"text-align: center;\">jogo fora &#8211; j\u00falia ribas<\/div>\n<div style=\"text-align: center;\">amor errado &#8211; fernanda porto<\/div>\n<div style=\"text-align: center;\">s\u00f3crates brasileiro &#8211; n\u00e1 ozzetti<\/div>\n<div style=\"text-align: center;\">vai trabalhar vagabundo &#8211; b\u00e1rbara casini<\/div>\n<div style=\"text-align: center;\">samba e amor &#8211; bebel gilberto<\/div>\n<div style=\"text-align: center;\">samba do avi\u00e3o &#8211; camila benson<\/div>\n<div style=\"text-align: center;\">aquarela do brasil &#8211; b\u00e1bara casini<\/div>\n<div style=\"text-align: center;\">o morro n\u00e3o tem vez &#8211; ana paula lopes<\/div>\n<div style=\"text-align: center;\">reza forte &#8211; aline calixto<\/div>\n<div style=\"text-align: center;\">declara\u00e7\u00e3o de amor \u00e0 mangueira &#8211; am\u00e9lia rabello<\/div>\n<div style=\"text-align: center;\">august day song &#8211; bebel gilberto<\/div>\n<div style=\"text-align: center;\">retrato em branco e preto &#8211; camila benson<\/div>\n<div style=\"text-align: center;\">samba torto &#8211; ana caram\u00a0<\/div>\n<div style=\"text-align: center;\">\u00a0sambassim &#8211; fernanda porto<\/div>\n<div style=\"text-align: center;\">vou mandar em voc\u00ea &#8211; j\u00falia ribas\u00a0<\/div>\n<div style=\"text-align: center;\">eu quero \u00e9 botar meu blog na rua &#8211; miriam batucada<\/div>\n<div style=\"text-align: center;\"><\/div>\n<div style=\"text-align: center;\"><\/div>\n","protected":false},"excerpt":{"rendered":"<p>Boa noite, amigos cultos e ocultos! Neste m\u00eas de agosto eu tenho andado meio apertado, cheio de tarefas, como voc\u00ea j\u00e1 sabem. Mas, na medida do poss\u00edvel, venho tentando manter as postagens e tamb\u00e9m atender ao pedidos para reativa\u00e7\u00e3o de &hellip; <a href=\"https:\/\/www.toque-musicall.com\/?p=369\">Continue lendo <span class=\"meta-nav\">&rarr;<\/span><\/a><\/p>\n","protected":false},"author":1,"featured_media":0,"comment_status":"open","ping_status":"closed","sticky":false,"template":"","format":"standard","meta":{"footnotes":""},"categories":[595,249],"tags":[],"class_list":["post-369","post","type-post","status-publish","format-standard","hentry","category-coletanea-elas-cantam-samba","category-coletanea-toque-musical"],"_links":{"self":[{"href":"https:\/\/www.toque-musicall.com\/index.php?rest_route=\/wp\/v2\/posts\/369","targetHints":{"allow":["GET"]}}],"collection":[{"href":"https:\/\/www.toque-musicall.com\/index.php?rest_route=\/wp\/v2\/posts"}],"about":[{"href":"https:\/\/www.toque-musicall.com\/index.php?rest_route=\/wp\/v2\/types\/post"}],"author":[{"embeddable":true,"href":"https:\/\/www.toque-musicall.com\/index.php?rest_route=\/wp\/v2\/users\/1"}],"replies":[{"embeddable":true,"href":"https:\/\/www.toque-musicall.com\/index.php?rest_route=%2Fwp%2Fv2%2Fcomments&post=369"}],"version-history":[{"count":0,"href":"https:\/\/www.toque-musicall.com\/index.php?rest_route=\/wp\/v2\/posts\/369\/revisions"}],"wp:attachment":[{"href":"https:\/\/www.toque-musicall.com\/index.php?rest_route=%2Fwp%2Fv2%2Fmedia&parent=369"}],"wp:term":[{"taxonomy":"category","embeddable":true,"href":"https:\/\/www.toque-musicall.com\/index.php?rest_route=%2Fwp%2Fv2%2Fcategories&post=369"},{"taxonomy":"post_tag","embeddable":true,"href":"https:\/\/www.toque-musicall.com\/index.php?rest_route=%2Fwp%2Fv2%2Ftags&post=369"}],"curies":[{"name":"wp","href":"https:\/\/api.w.org\/{rel}","templated":true}]}}