{"id":370,"date":"2011-08-19T12:33:00","date_gmt":"2011-08-19T12:33:00","guid":{"rendered":"http:\/\/www.toque-musicall.com\/?p=370"},"modified":"2011-08-19T12:33:00","modified_gmt":"2011-08-19T12:33:00","slug":"bob-tostes-marcelo-gaz-convidados-show-de-lnacamento-do-cd-horizonte-2011","status":"publish","type":"post","link":"https:\/\/www.toque-musicall.com\/?p=370","title":{"rendered":"Bob Tostes, Marcelo Gaz &#038; Convidados &#8211; Show De Lna\u00e7amento Do CD &#8220;Horizonte&#8221; (2011)"},"content":{"rendered":"<div style=\"clear: both; text-align: center;\"><a href=\"http:\/\/4.bp.blogspot.com\/-fvvTNpb_j04\/Tk5K4Np4QeI\/AAAAAAAAIP8\/IB3vGmfHcKw\/s1600\/capa+P.JPG\" style=\"margin-left: 1em; margin-right: 1em;\"><img loading=\"lazy\" decoding=\"async\" border=\"0\" height=\"400\" src=\"http:\/\/4.bp.blogspot.com\/-fvvTNpb_j04\/Tk5K4Np4QeI\/AAAAAAAAIP8\/IB3vGmfHcKw\/s400\/capa+P.JPG\" width=\"391\" \/><\/a><\/div>\n<p>Bom dia, amigos cultos e ocultos! Ontem eu cheguei tarde, j\u00e1 no fim do dia (ou noite?), mas ainda assim marquei o ponto, fiz l\u00e1 a postagem. S\u00f3 me esqueci de public\u00e1-la, hehehe&#8230; Agora cedo foi que eu percebi isso, quando me preparava para a de hoje. Como o tempo \u00e9 curto, vou novamente investir nos &#8216;discos de gaveta&#8217;. A bem da verdade, o que tenho aqui n\u00e3o \u00e9 exatamente um disco, mas vai encaixar bem nesta sexta feira independente e como sempre, tem tudo a ver com as postagens do Toque Musical.<br \/>Em maio deste ano aconteceu em Belo Horizonte o lan\u00e7amento do novo trabalho de Bob Tostes em parceria com o cantor e compositor Marcelo Gaz, &#8220;Horizonte&#8221;, um cd nota 10! Quem ainda n\u00e3o o ouviu, eu aconselho. \u00c9 um disco dos melhores. Atrevo at\u00e9 a dizer que, neste ano, este foi um dos lan\u00e7amentos musicais mais bonito que eu ouvi. Para abrilhantar ainda mais a qualidade e a sensibilidade desses dois, o disco traz uma constela\u00e7\u00e3o de m\u00fasicos e artistas de primeir\u00edssima linha. Figuras como Affonsinho, Roberto Menescal, Fernanda Takai, Jane Duboc, Carlos Malta, Juarez Moreira, Renato Motha, BossaCucaNova, al\u00e9m da irm\u00e3, a cantora Suzana Tostes. Quem estiver interessado em adquirir o disco (cd), basta entrar no blog Horizonte, criado especialmente para este lan\u00e7amento. Tenho certeza de que voc\u00eas n\u00e3o ir\u00e3o se arrepender \ud83d\ude09<br \/>Como aqui no Toque Musical ouvir \u00e9 mais importante que falar, eu n\u00e3o poderia deixar nesta postagem a m\u00fasica de fora. Da\u00ed eu estou trazendo para voc\u00eas, n\u00e3o o disco, mas sim alguns trechos do show de lan\u00e7amento, que ocorreu no Museu de Arte da Pampulha. Aqui encontramos quatro momentos interessantes do show, com participa\u00e7\u00f5es de Jane Duboc e o saxofonista (fera) Carlos Malta, o nosso querido C\u00e9lio Balona e Mister Roberto Menescal. Por certo, algumas das m\u00fasicas interpretadas aqui n\u00e3o fazem parte do disco lan\u00e7ado, mas deram ainda mais for\u00e7a ao show.\u00a0Eu tive a sorte de poder assistir e tamb\u00e9m de fotografar e gravar parte do espet\u00e1culo. A qualidade da minha grava\u00e7\u00e3o n\u00e3o \u00e9 l\u00e1 essas coisas, foi feita a partir da minha pr\u00f3pria c\u00e2mera fotogr\u00e1fica, um sonzinho m\u00e9dio, que n\u00e3o chega nem a ser est\u00e9reo. Mas de qualquer forma, vale\u00a0essa produ\u00e7\u00e3o &#8216;made in TM&#8217;, feita com o consentimento dos artistas e autores. Vale\u00a0uma conferida&#8230;<br \/>Ah, j\u00e1 ia me esquecendo&#8230; no show participaram, al\u00e9m de alguns dos artistas convidados, os m\u00fasicos da banda de apoio (todos feras!): Christiano Caldas no piano, Frederico Heliodoro no contrabaixo e Felipe Continentino.<\/p>\n<div style=\"text-align: center;\">bob tostes e jane duboc<\/div>\n<div style=\"text-align: center;\">c\u00e9lio balona e jane duboc<\/div>\n<div style=\"text-align: center;\">jane duboc e roberto menescal<\/div>\n<div style=\"text-align: center;\">jane duboc, marcelo gaz e bob tostes<\/p>\n<p><\/div>\n","protected":false},"excerpt":{"rendered":"<p>Bom dia, amigos cultos e ocultos! Ontem eu cheguei tarde, j\u00e1 no fim do dia (ou noite?), mas ainda assim marquei o ponto, fiz l\u00e1 a postagem. S\u00f3 me esqueci de public\u00e1-la, hehehe&#8230; Agora cedo foi que eu percebi isso, &hellip; <a href=\"https:\/\/www.toque-musicall.com\/?p=370\">Continue lendo <span class=\"meta-nav\">&rarr;<\/span><\/a><\/p>\n","protected":false},"author":1,"featured_media":0,"comment_status":"open","ping_status":"closed","sticky":false,"template":"","format":"standard","meta":{"footnotes":""},"categories":[596,11],"tags":[],"class_list":["post-370","post","type-post","status-publish","format-standard","hentry","category-bob-tostes","category-exclusivos-do-toque-musical"],"_links":{"self":[{"href":"https:\/\/www.toque-musicall.com\/index.php?rest_route=\/wp\/v2\/posts\/370","targetHints":{"allow":["GET"]}}],"collection":[{"href":"https:\/\/www.toque-musicall.com\/index.php?rest_route=\/wp\/v2\/posts"}],"about":[{"href":"https:\/\/www.toque-musicall.com\/index.php?rest_route=\/wp\/v2\/types\/post"}],"author":[{"embeddable":true,"href":"https:\/\/www.toque-musicall.com\/index.php?rest_route=\/wp\/v2\/users\/1"}],"replies":[{"embeddable":true,"href":"https:\/\/www.toque-musicall.com\/index.php?rest_route=%2Fwp%2Fv2%2Fcomments&post=370"}],"version-history":[{"count":0,"href":"https:\/\/www.toque-musicall.com\/index.php?rest_route=\/wp\/v2\/posts\/370\/revisions"}],"wp:attachment":[{"href":"https:\/\/www.toque-musicall.com\/index.php?rest_route=%2Fwp%2Fv2%2Fmedia&parent=370"}],"wp:term":[{"taxonomy":"category","embeddable":true,"href":"https:\/\/www.toque-musicall.com\/index.php?rest_route=%2Fwp%2Fv2%2Fcategories&post=370"},{"taxonomy":"post_tag","embeddable":true,"href":"https:\/\/www.toque-musicall.com\/index.php?rest_route=%2Fwp%2Fv2%2Ftags&post=370"}],"curies":[{"name":"wp","href":"https:\/\/api.w.org\/{rel}","templated":true}]}}