{"id":3713,"date":"2013-12-16T20:35:03","date_gmt":"2013-12-16T22:35:03","guid":{"rendered":"http:\/\/www.toque-musicall.com\/?p=3713"},"modified":"2013-12-17T07:40:47","modified_gmt":"2013-12-17T09:40:47","slug":"especial-de-natal-parte-1-selecao-78-rpm-do-toque-musical-vol-82-2013","status":"publish","type":"post","link":"https:\/\/www.toque-musicall.com\/?p=3713","title":{"rendered":"Especial De Natal Parte 1 &#8211; Sele\u00e7\u00e3o 78 RPM Do Toque Musical Vol. 82 (2013)"},"content":{"rendered":"<p><img loading=\"lazy\" decoding=\"async\" class=\"aligncenter\" alt=\"\" src=\"http:\/\/4.bp.blogspot.com\/-xlkirxALFng\/UrAZ37n9uzI\/AAAAAAAAIDU\/rzRAik4KpDs\/s640\/CAPAP.JPG\" width=\"640\" height=\"640\" \/><img loading=\"lazy\" decoding=\"async\" class=\"aligncenter\" alt=\"\" src=\"http:\/\/2.bp.blogspot.com\/-ragtydb0SkY\/UrAZzm_vYhI\/AAAAAAAAIDM\/uUwwyvoR0Og\/s640\/CONTRACAPAP.JPG\" width=\"640\" height=\"640\" \/><\/p>\n<div>Vem chegando mais um final de ano, e mais um Natal! Tempo de reunir a fam\u00edlia, preparar o pres\u00e9pio, a \u00e1rvore e a ceia, trocar presentes (com direito at\u00e9 ao chamado \u201camigo oculto\u201d)&#8230; sem, \u00e9 claro, esquecer que \u00e9 o anivers\u00e1rio de Jesus. Tempo tamb\u00e9m de cantar m\u00fasicas alusivas \u00e0 chamada festa m\u00e1xima da cristandade. Evidentemente, o Grand Record Brazil\u00a0\u00a0entra nesta semana em clima natalino, apresentando a primeira de duas partes de uma sele\u00e7\u00e3o de m\u00fasicas gravadas na era do 78 rpm para comemorar a data. Ela foi extra\u00edda de uma compila\u00e7\u00e3o realizada em 2006, por nosso colega e amigo Thiago Mello, para o seu blog Bossa Brasileira (http:\/\/bossa-brasileira.blogspot.com). Ser\u00e3o ao todo vinte grava\u00e7\u00f5es (algumas j\u00e1 aparecidas em nosso volume 4, agora voltando com melhor qualidade sonora), e aqui apresentamos as primeiras dez.\u00a0\u00a0Abrindo esta sele\u00e7\u00e3o, temos a introdu\u00e7\u00e3o, apenas instrumental,\u00a0\u00a0a cargo do grande Radam\u00e9s Gnattali, de \u201cCantigas de Natal\u201d, um pot-pourri\u00a0\u00a0de can\u00e7\u00f5es do g\u00eanero interpretadas pelos Trios Melodia e Madrigal em disco Continental 20106, de 1951, do qual apresentaremos as duas partes em nosso pr\u00f3ximo volume.\u00a0\u00a0Em seguida, Neyde Fraga (S\u00e3o Paulo, 1924-Rio de Janeiro, 1987) apresenta, de seu terceiro disco, o Elite Special (selo ent\u00e3o coligado da Odeon) N-1020-A, editado em 1950, a marchinha \u201cQuando chega o Natal\u201d, de autoria de Sereno (In\u00e1cio de Oliveira, S\u00e3o Paulo, 1909-idem, 1978), matriz FB-539, muito bem acompanhada pelos Dem\u00f4nios da Garoa (que, como ela, tamb\u00e9m eram do cast da R\u00e1dio Record de S\u00e3o Paulo, ent\u00e3o \u201ca maior\u201d) e pela orquestra e coro do maestro Edmundo Peruzzi (Santos, SP, 1918-idem, 1975). Curiosamente, em outra tiragem desse disco, o n\u00famero da matriz foi alterado para MIB-1097. Aurora Miranda (Rio de Janeiro, 1915-idem, 2005), irm\u00e3 de C\u00e1rmen, comparece com duas faixas que gravou na Odeon:\u00a0\u00a0\u201cNatal divino\u201d, marchinha de M\u00edlton Amaral, do disco 11288-A, gravado em 4 de dezembro de 1935 e lan\u00e7ado logo em seguida, matriz 5173, e o samba \u201cSinos de Natal\u201d, de Djalma Esteves e Vicente Paiva, do disco 11174-B, gravado em 18 de outubro de 1934 para lan\u00e7amento, \u00e9 claro, em dezembro, matriz 4935. Leny Eversong (Hilda Campos Soares da Silva, Santos, SP, 1920-S\u00e3o Paulo, 1984), not\u00e1vel int\u00e9rprete de hits nacionais e internacionais, nos brinda com a marchinha \u201cPrece de Natal\u201d, de Jos\u00e9 Saccomani, Lino Tedesco e Walter Mello, lan\u00e7ada em dezembro de 1953 pela Copacabana sob n.o 5172-B, matriz M-559. \u201cNoite de Natal\u201d, interpretada por Dalva de Oliveira com a orquestra de Roberto Inglez, \u00e9 o famoso \u201cNoite feliz\u00a0\u00a0(Stille nacht, heilige nacht)\u201d, com letra diferente da que costumamos cantar, assinada por M\u00e1rio Rossi, em grava\u00e7\u00e3o feita em 1952, nos est\u00fadios da EMI, em Londres, durante a longa e vitoriosa excurs\u00e3o da cantora pela Europa, e lan\u00e7ada no Brasil pela Odeon com o n.o X-3372-A (s\u00e9rie azul internacional), matriz CE-14164. A m\u00fasica nasceu por um capricho de ratos que, em 1818, entraram no \u00f3rg\u00e3o de uma igreja da cidade austr\u00edaca de Arnsdorf e roeram seus foles. Preocupado com a possibilidade de um Natal sem m\u00fasica nesse ano, o padre Joseph Mohr foi logo procurar um instrumento para substituir o antigo.\u00a0\u00a0Nessas peregrina\u00e7\u00f5es, imaginou como teria sido o nascimento de Jesus, em Bel\u00e9m. Fez anota\u00e7\u00f5es, levou-as at\u00e9 o m\u00fasico Franz Gruber para musicar&#8230; e pronto! Assim nasceu \u201cNoite feliz\u201d.\u00a0\u00a0J\u00e1 que falamos em Aurora Miranda, sua irm\u00e3 C\u00e1rmen (1909-1955), ainda hoje uma refer\u00eancia em termos de Brasil no exterior, aqui\u00a0interpreta a marchinha \u201cDia de Natal\u201d, de Herv\u00ea Cordovil, grava\u00e7\u00e3o Odeon de 16 de outubro de 1935, lan\u00e7ada\u00a0\u00a0em dezembro seguinte sob n.o\u00a0\u00a011289-A, matriz 5170. \u00c2ngela Maria e Jo\u00e3o Dias interpretam, em dueto, a singela toada \u2018Papai Noel esqueceu\u201d, da parceria Herivelto Martins-David Nasser, lan\u00e7ada pela Copacabana para o Natal de 1955, sob n.o 20022-B (s\u00e9rie \u201cde exporta\u00e7\u00e3o\u201d), matriz M-1412. Um ano depois, em dezembro de 1956, nessa mesma s\u00e9rie (20033-A, matriz M-1706), a Copacabana lan\u00e7ou o registro de Elizeth Cardoso para a can\u00e7\u00e3o \u201cCantiga de Natal\u201d, de autoria da compositora e pianista Lina Pesce (Magdalena Pesce Vitale, S\u00e3o Paulo, 1913-idem, 1995), gravada originalmente por M\u00e1rio Martins, em 1954, no mesmo selo.\u00a0\u00a0Encerrando esta primeira parte, uma marchinha da dupla Alvarenga e Ranchinho, \u201cPresente de Natal\u201d, interpretada por Zelinha do Amaral com doce voz de menina e delicioso sotaque de caipirinha. Foi sua \u00fanica grava\u00e7\u00e3o, feita na Victor em 12 de novembro de 1936 e lan\u00e7ada em dezembro seguinte sob n.o 34116-B, matriz 80250. Semana que vem, apresentaremos a segunda parte desta sele\u00e7\u00e3o natalina do GRB. At\u00e9 l\u00e1!<\/div>\n<div><\/div>\n<div>*Texto de SAMUEL MACHADO FILHO<\/div>\n","protected":false},"excerpt":{"rendered":"<p>Vem chegando mais um final de ano, e mais um Natal! Tempo de reunir a fam\u00edlia, preparar o pres\u00e9pio, a \u00e1rvore e a ceia, trocar presentes (com direito at\u00e9 ao chamado \u201camigo oculto\u201d)&#8230; sem, \u00e9 claro, esquecer que \u00e9 o &hellip; <a href=\"https:\/\/www.toque-musicall.com\/?p=3713\">Continue lendo <span class=\"meta-nav\">&rarr;<\/span><\/a><\/p>\n","protected":false},"author":1,"featured_media":0,"comment_status":"open","ping_status":"closed","sticky":false,"template":"","format":"standard","meta":{"footnotes":""},"categories":[199,933,225,816,247,248,11,1459,161,13,209,211,2287],"tags":[],"class_list":["post-3713","post","type-post","status-publish","format-standard","hentry","category-angela-maria","category-aurora-miranda","category-carmem-miranda","category-carmen-miranda","category-elizete-cardoso","category-elizeth-cardoso","category-exclusivos-do-toque-musical","category-joao-dias","category-neide-fraga","category-selo-grand-record-brazil","category-trio-madrigal","category-trio-melodia","category-zelinha-amaral"],"_links":{"self":[{"href":"https:\/\/www.toque-musicall.com\/index.php?rest_route=\/wp\/v2\/posts\/3713","targetHints":{"allow":["GET"]}}],"collection":[{"href":"https:\/\/www.toque-musicall.com\/index.php?rest_route=\/wp\/v2\/posts"}],"about":[{"href":"https:\/\/www.toque-musicall.com\/index.php?rest_route=\/wp\/v2\/types\/post"}],"author":[{"embeddable":true,"href":"https:\/\/www.toque-musicall.com\/index.php?rest_route=\/wp\/v2\/users\/1"}],"replies":[{"embeddable":true,"href":"https:\/\/www.toque-musicall.com\/index.php?rest_route=%2Fwp%2Fv2%2Fcomments&post=3713"}],"version-history":[{"count":1,"href":"https:\/\/www.toque-musicall.com\/index.php?rest_route=\/wp\/v2\/posts\/3713\/revisions"}],"predecessor-version":[{"id":3716,"href":"https:\/\/www.toque-musicall.com\/index.php?rest_route=\/wp\/v2\/posts\/3713\/revisions\/3716"}],"wp:attachment":[{"href":"https:\/\/www.toque-musicall.com\/index.php?rest_route=%2Fwp%2Fv2%2Fmedia&parent=3713"}],"wp:term":[{"taxonomy":"category","embeddable":true,"href":"https:\/\/www.toque-musicall.com\/index.php?rest_route=%2Fwp%2Fv2%2Fcategories&post=3713"},{"taxonomy":"post_tag","embeddable":true,"href":"https:\/\/www.toque-musicall.com\/index.php?rest_route=%2Fwp%2Fv2%2Ftags&post=3713"}],"curies":[{"name":"wp","href":"https:\/\/api.w.org\/{rel}","templated":true}]}}