{"id":372,"date":"2011-08-17T12:02:00","date_gmt":"2011-08-17T12:02:00","guid":{"rendered":"http:\/\/www.toque-musicall.com\/?p=372"},"modified":"2011-08-17T12:02:00","modified_gmt":"2011-08-17T12:02:00","slug":"sexteto-prestige-musica-e-festa-no-3-1960","status":"publish","type":"post","link":"https:\/\/www.toque-musicall.com\/?p=372","title":{"rendered":"Sexteto Prestige &#8211; M\u00fasica E Festa N\u00ba 3 (1960)"},"content":{"rendered":"<div style=\"clear: both; text-align: center;\"><a href=\"http:\/\/2.bp.blogspot.com\/-5abMaIo6LNg\/TkuhuTydJ7I\/AAAAAAAAIPk\/oM3RS-SmgeA\/s1600\/sexteto+prestige+P.JPG\" style=\"margin-left: 1em; margin-right: 1em;\"><img loading=\"lazy\" decoding=\"async\" border=\"0\" height=\"397\" src=\"http:\/\/2.bp.blogspot.com\/-5abMaIo6LNg\/TkuhuTydJ7I\/AAAAAAAAIPk\/oM3RS-SmgeA\/s400\/sexteto+prestige+P.JPG\" width=\"400\" \/><\/a><\/div>\n<p>Correndo, correndo&#8230; aqui vai a postagem do dia. Temos para hoje mais um disco da s\u00e9rie &#8220;M\u00fasica e Festa&#8221;, do Sexteto Prestige. J\u00e1 postei aqui o n\u00famero 1 e 2. Quem sabe, mais para frente os outros tamb\u00e9m podem ir chegando \ud83d\ude42 V\u00e3o chegando que eu vou sa\u00edndo e j\u00e1 bem atrasado. At\u00e9 mais!<\/p>\n<div style=\"text-align: center;\">tu solamente tu<\/div>\n<div style=\"text-align: center;\">sete notas de amor<\/div>\n<div style=\"text-align: center;\">sonho sonhado<\/div>\n<div style=\"text-align: center;\">minha prece<\/div>\n<div style=\"text-align: center;\">n\u00e3o digo o nome<\/div>\n<div style=\"text-align: center;\">balada triste<\/div>\n<div style=\"text-align: center;\">se voc\u00ea n\u00e3o tem amor<\/div>\n<div style=\"text-align: center;\">menino de bra\u00e7an\u00e3<\/div>\n<div style=\"text-align: center;\">sereno<\/div>\n<div style=\"text-align: center;\">manhattan<\/div>\n<div style=\"text-align: center;\">sonny boy<\/div>\n<div style=\"text-align: center;\">you were meant for me<\/div>\n<div style=\"text-align: center;\">my blue heaven<\/div>\n<div style=\"text-align: center;\">chega de saudade<\/div>\n<div style=\"text-align: center;\">dia de festa<\/div>\n<div style=\"text-align: center;\">vou devagar<\/div>\n<div style=\"text-align: center;\">saudade que mata<\/div>\n<div style=\"text-align: center;\">eu n\u00e3o quero voc\u00ea<\/div>\n<div style=\"text-align: center;\"><\/div>\n<div style=\"text-align: center;\"><\/div>\n","protected":false},"excerpt":{"rendered":"<p>Correndo, correndo&#8230; aqui vai a postagem do dia. Temos para hoje mais um disco da s\u00e9rie &#8220;M\u00fasica e Festa&#8221;, do Sexteto Prestige. J\u00e1 postei aqui o n\u00famero 1 e 2. Quem sabe, mais para frente os outros tamb\u00e9m podem ir &hellip; <a href=\"https:\/\/www.toque-musicall.com\/?p=372\">Continue lendo <span class=\"meta-nav\">&rarr;<\/span><\/a><\/p>\n","protected":false},"author":1,"featured_media":0,"comment_status":"open","ping_status":"closed","sticky":false,"template":"","format":"standard","meta":{"footnotes":""},"categories":[171,170],"tags":[],"class_list":["post-372","post","type-post","status-publish","format-standard","hentry","category-selo-prestige","category-sexteto-prestige"],"_links":{"self":[{"href":"https:\/\/www.toque-musicall.com\/index.php?rest_route=\/wp\/v2\/posts\/372","targetHints":{"allow":["GET"]}}],"collection":[{"href":"https:\/\/www.toque-musicall.com\/index.php?rest_route=\/wp\/v2\/posts"}],"about":[{"href":"https:\/\/www.toque-musicall.com\/index.php?rest_route=\/wp\/v2\/types\/post"}],"author":[{"embeddable":true,"href":"https:\/\/www.toque-musicall.com\/index.php?rest_route=\/wp\/v2\/users\/1"}],"replies":[{"embeddable":true,"href":"https:\/\/www.toque-musicall.com\/index.php?rest_route=%2Fwp%2Fv2%2Fcomments&post=372"}],"version-history":[{"count":0,"href":"https:\/\/www.toque-musicall.com\/index.php?rest_route=\/wp\/v2\/posts\/372\/revisions"}],"wp:attachment":[{"href":"https:\/\/www.toque-musicall.com\/index.php?rest_route=%2Fwp%2Fv2%2Fmedia&parent=372"}],"wp:term":[{"taxonomy":"category","embeddable":true,"href":"https:\/\/www.toque-musicall.com\/index.php?rest_route=%2Fwp%2Fv2%2Fcategories&post=372"},{"taxonomy":"post_tag","embeddable":true,"href":"https:\/\/www.toque-musicall.com\/index.php?rest_route=%2Fwp%2Fv2%2Ftags&post=372"}],"curies":[{"name":"wp","href":"https:\/\/api.w.org\/{rel}","templated":true}]}}