{"id":3725,"date":"2013-12-20T23:40:07","date_gmt":"2013-12-21T01:40:07","guid":{"rendered":"http:\/\/www.toque-musicall.com\/?p=3725"},"modified":"2013-12-21T00:40:28","modified_gmt":"2013-12-21T02:40:28","slug":"carioca-devas-misterios-da-amazonia-1980","status":"publish","type":"post","link":"https:\/\/www.toque-musicall.com\/?p=3725","title":{"rendered":"Carioca &#038; Devas &#8211; Mist\u00e9rios Da Amaz\u00f4nia (1980)"},"content":{"rendered":"<p><img loading=\"lazy\" decoding=\"async\" class=\"aligncenter\" alt=\"\" src=\"http:\/\/1.bp.blogspot.com\/-W5UZ_SbjDIw\/UrTx4vQI0gI\/AAAAAAAAIEg\/t8wlN080BU4\/s640\/capap.JPG\" width=\"639\" height=\"640\" \/><img loading=\"lazy\" decoding=\"async\" class=\"aligncenter\" alt=\"\" src=\"http:\/\/3.bp.blogspot.com\/-anVsfWcGciI\/UrTx0vQliqI\/AAAAAAAAIEY\/BKdj0qCXnVY\/s640\/contrap.JPG\" width=\"635\" height=\"640\" \/><\/p>\n<p>Boa noite, amigos cultos e ocultos! Para n\u00e3o esquecermos que as sextas feiras por aqui j\u00e1 foram mais independentes, eu hoje vou postar um leg\u00edtimo disco de produ\u00e7\u00e3o paralela. Temos aqui um disco, o primeiro de Ronaldo Freitas, o &#8220;Carioca&#8221; e seu grupo Devas. Quem n\u00e3o conhece e v\u00ea de relance este disco h\u00e1 de pensar que se trata de uma produ\u00e7\u00e3o regional e pelo t\u00edtulo, &#8220;Mist\u00e9rios da Amaz\u00f4nia&#8221;, deve pensar que \u00e9 algo \u00a0bem distante, soando como o carimb\u00f3. Mas n\u00e3o, n\u00e3o se trata de m\u00fasica regional. O papo aqui \u00a0\u00e9 instrumental. M\u00fasica de qualidade, bem construida e trabalhada. Composi\u00e7oes e arranjos do proprio Ronaldo Carioca, que aqui faz uma incurss\u00e3o quase progressiva. M\u00fasica instrumental inspirada em elementos ambientais das regi\u00f5es norte e nordeste. Por se tratar de m\u00fasica instrumental com um desenvolvimento progressivo, muitas pessoas colocam este disco no hall do rock progressivo nacional, mas sinceramente, creio que n\u00e3o era essa a postura dos m\u00fasicos envolvidos. Carioca e o Grupo Devas trilharam por outros caminhos, prova disso s\u00e3o seus outros discos, pautados numa m\u00fasica insturmental muito pr\u00f3pria, com influencias jazzisticas e experimental. Eles vem ainda acompanhados por outros m\u00fasicos da cena de vanguarda paulista, como \u00e9 o caso de Z\u00e9 Eduardo Naz\u00e1rio.<\/p>\n<div style=\"text-align: center;\">canto dos pescadores<\/div>\n<div style=\"text-align: center;\">homenagem a s\u00e3o salvador<\/div>\n<div style=\"text-align: center;\">lamento do recife<\/div>\n<div style=\"text-align: center;\">manh\u00e3 oriental<\/div>\n<div style=\"text-align: center;\">amanhecendo<\/div>\n<div style=\"text-align: center;\">mist\u00e9rios da amaz\u00f4nia<\/div>\n<div style=\"text-align: center;\"><\/div>\n<div style=\"text-align: center;\">.<\/div>\n","protected":false},"excerpt":{"rendered":"<p>Boa noite, amigos cultos e ocultos! Para n\u00e3o esquecermos que as sextas feiras por aqui j\u00e1 foram mais independentes, eu hoje vou postar um leg\u00edtimo disco de produ\u00e7\u00e3o paralela. Temos aqui um disco, o primeiro de Ronaldo Freitas, o &#8220;Carioca&#8221; &hellip; <a href=\"https:\/\/www.toque-musicall.com\/?p=3725\">Continue lendo <span class=\"meta-nav\">&rarr;<\/span><\/a><\/p>\n","protected":false},"author":1,"featured_media":0,"comment_status":"open","ping_status":"closed","sticky":false,"template":"","format":"standard","meta":{"footnotes":""},"categories":[1707,2290,25],"tags":[],"class_list":["post-3725","post","type-post","status-publish","format-standard","hentry","category-carioca","category-grupo-devas","category-selo-independente"],"_links":{"self":[{"href":"https:\/\/www.toque-musicall.com\/index.php?rest_route=\/wp\/v2\/posts\/3725","targetHints":{"allow":["GET"]}}],"collection":[{"href":"https:\/\/www.toque-musicall.com\/index.php?rest_route=\/wp\/v2\/posts"}],"about":[{"href":"https:\/\/www.toque-musicall.com\/index.php?rest_route=\/wp\/v2\/types\/post"}],"author":[{"embeddable":true,"href":"https:\/\/www.toque-musicall.com\/index.php?rest_route=\/wp\/v2\/users\/1"}],"replies":[{"embeddable":true,"href":"https:\/\/www.toque-musicall.com\/index.php?rest_route=%2Fwp%2Fv2%2Fcomments&post=3725"}],"version-history":[{"count":1,"href":"https:\/\/www.toque-musicall.com\/index.php?rest_route=\/wp\/v2\/posts\/3725\/revisions"}],"predecessor-version":[{"id":3728,"href":"https:\/\/www.toque-musicall.com\/index.php?rest_route=\/wp\/v2\/posts\/3725\/revisions\/3728"}],"wp:attachment":[{"href":"https:\/\/www.toque-musicall.com\/index.php?rest_route=%2Fwp%2Fv2%2Fmedia&parent=3725"}],"wp:term":[{"taxonomy":"category","embeddable":true,"href":"https:\/\/www.toque-musicall.com\/index.php?rest_route=%2Fwp%2Fv2%2Fcategories&post=3725"},{"taxonomy":"post_tag","embeddable":true,"href":"https:\/\/www.toque-musicall.com\/index.php?rest_route=%2Fwp%2Fv2%2Ftags&post=3725"}],"curies":[{"name":"wp","href":"https:\/\/api.w.org\/{rel}","templated":true}]}}