{"id":373,"date":"2011-08-16T11:13:00","date_gmt":"2011-08-16T11:13:00","guid":{"rendered":"http:\/\/www.toque-musicall.com\/?p=373"},"modified":"2011-08-16T11:13:00","modified_gmt":"2011-08-16T11:13:00","slug":"alberto-nepomuceno-quarteto-de-cordas-da-radio-mec-ducumentos-da-musica-brasileira-vol-7-1979","status":"publish","type":"post","link":"https:\/\/www.toque-musicall.com\/?p=373","title":{"rendered":"Alberto Nepomuceno &#8211; Quarteto De Cordas Da R\u00e1dio MEC &#8211; Ducumentos Da M\u00fasica Brasileira Vol. 7 (1979)"},"content":{"rendered":"<div style=\"clear: both; text-align: center;\"><a href=\"http:\/\/2.bp.blogspot.com\/-L8_EE6k4438\/TkpPKXKdC-I\/AAAAAAAAIPg\/kZV0lmXorFI\/s1600\/alberto+P.JPG\" style=\"margin-left: 1em; margin-right: 1em;\"><img loading=\"lazy\" decoding=\"async\" border=\"0\" height=\"390\" src=\"http:\/\/2.bp.blogspot.com\/-L8_EE6k4438\/TkpPKXKdC-I\/AAAAAAAAIPg\/kZV0lmXorFI\/s400\/alberto+P.JPG\" width=\"400\" \/><\/a><\/div>\n<p>Ol\u00e1! Hoje, ter\u00e7a feira, \u00e9 dia de m\u00fasica erudita. Felizmente, ontem, eu tive um tempinho e consegui preparar algumas coisas para hoje e para a semana.<br \/>Seguindo ao que foi proposto, estou trazendo para a postagem do dia este exemplar da s\u00e9rie &#8220;Documentos da M\u00fasica Brasileira &#8211; M\u00fasica de C\u00e2mara do Brasil&#8221;, mais especificamente o Volume 7, dedicado \u00e0 obra do compositor Alberto Nepomuceno (1864-1920). Como se pode ver pela capa, temos aqui suas obras, &#8220;Quarteto n\u00ba 1, em si menor&#8221; e Quarteto n\u00ba 3, em r\u00e9 menor&#8221;, executado pelo Quarteto de Cordas da R\u00e1dio MEC.<br \/>Embora esta s\u00e9rie tenha sido lan\u00e7ada nos anos 70, as grava\u00e7\u00f5es foram feitas originalmente entre os anos de 1958 e 1972. S\u00e3o, de uma certa forma, registros raros, assim como os pr\u00f3prios discos desta cole\u00e7\u00e3o. Provavelmente, discos como este s\u00f3 poder\u00e3o ser encontrados em discotecas especializadas de Escolas, Universidades e verdadeiros amantes da m\u00fasica erudita.<br \/>Pessoalmente, a m\u00fasica cl\u00e1ssica ou erudita n\u00e3o \u00e9 o meu forte. Confesso que tenho pouco, ou quase nenhum conhecimento sobre ela. Acredito que isso se deva ao fato do tamanho da riqueza musical popular brasileira, que por si s\u00f3 j\u00e1 me sacia. Mas, inegavelmente, n\u00e3o h\u00e1 como n\u00e3o se apaixonar por uma m\u00fasica criativa, original e de qualidade, seja ela erudita ou popular. Como sempre digo e j\u00e1 virou refr\u00e3o no Toque Musical, &#8216;m\u00fasica para se ouvir com outros olhos&#8217;.<br \/>Para a minha facilidade e funcionalidade, no \u00e1lbum temos todas as informa\u00e7\u00f5es complementares incluidas, no encarte e contracapa. Assim sendo, os amigos cultos e ocultos podem ficar tranquilos ao baixarem. E eu posso chegar mais cedo no trabalho, hehehe&#8230;<\/p>\n<div style=\"text-align: center;\">Quarteto N\u00ba 1, em si menor:<\/div>\n<div style=\"text-align: center;\">alegro agitado<\/div>\n<div style=\"text-align: center;\">andante<\/div>\n<div style=\"text-align: center;\">scherzo<\/div>\n<div style=\"text-align: center;\">allegro spirituoso<\/div>\n<div style=\"text-align: center;\">Quarteto N\u00ba 3, em r\u00e9 menor (Brasileiro):<\/div>\n<div style=\"text-align: center;\">allegro moderato<\/div>\n<div style=\"text-align: center;\">andante<\/div>\n<div style=\"text-align: center;\">intermezzo<\/div>\n<div style=\"text-align: center;\">allegretto<\/div>\n","protected":false},"excerpt":{"rendered":"<p>Ol\u00e1! Hoje, ter\u00e7a feira, \u00e9 dia de m\u00fasica erudita. Felizmente, ontem, eu tive um tempinho e consegui preparar algumas coisas para hoje e para a semana.Seguindo ao que foi proposto, estou trazendo para a postagem do dia este exemplar da &hellip; <a href=\"https:\/\/www.toque-musicall.com\/?p=373\">Continue lendo <span class=\"meta-nav\">&rarr;<\/span><\/a><\/p>\n","protected":false},"author":1,"featured_media":0,"comment_status":"open","ping_status":"closed","sticky":false,"template":"","format":"standard","meta":{"footnotes":""},"categories":[602,601,600],"tags":[],"class_list":["post-373","post","type-post","status-publish","format-standard","hentry","category-alberto-nepomuceno","category-quarteto-de-cordas-da-radio-mec","category-selo-funarte"],"_links":{"self":[{"href":"https:\/\/www.toque-musicall.com\/index.php?rest_route=\/wp\/v2\/posts\/373","targetHints":{"allow":["GET"]}}],"collection":[{"href":"https:\/\/www.toque-musicall.com\/index.php?rest_route=\/wp\/v2\/posts"}],"about":[{"href":"https:\/\/www.toque-musicall.com\/index.php?rest_route=\/wp\/v2\/types\/post"}],"author":[{"embeddable":true,"href":"https:\/\/www.toque-musicall.com\/index.php?rest_route=\/wp\/v2\/users\/1"}],"replies":[{"embeddable":true,"href":"https:\/\/www.toque-musicall.com\/index.php?rest_route=%2Fwp%2Fv2%2Fcomments&post=373"}],"version-history":[{"count":0,"href":"https:\/\/www.toque-musicall.com\/index.php?rest_route=\/wp\/v2\/posts\/373\/revisions"}],"wp:attachment":[{"href":"https:\/\/www.toque-musicall.com\/index.php?rest_route=%2Fwp%2Fv2%2Fmedia&parent=373"}],"wp:term":[{"taxonomy":"category","embeddable":true,"href":"https:\/\/www.toque-musicall.com\/index.php?rest_route=%2Fwp%2Fv2%2Fcategories&post=373"},{"taxonomy":"post_tag","embeddable":true,"href":"https:\/\/www.toque-musicall.com\/index.php?rest_route=%2Fwp%2Fv2%2Ftags&post=373"}],"curies":[{"name":"wp","href":"https:\/\/api.w.org\/{rel}","templated":true}]}}