{"id":3743,"date":"2013-12-23T21:59:59","date_gmt":"2013-12-23T23:59:59","guid":{"rendered":"http:\/\/www.toque-musicall.com\/?p=3743"},"modified":"2013-12-23T21:59:59","modified_gmt":"2013-12-23T23:59:59","slug":"especial-de-natal-parte-2-selecao-78-rpm-do-toque-musical-vol-83-2013","status":"publish","type":"post","link":"https:\/\/www.toque-musicall.com\/?p=3743","title":{"rendered":"Especial De Natal Parte 2 &#8211; Sele\u00e7\u00e3o 78 RPM Do Toque Musical &#8211; Vol. 83 (2013)"},"content":{"rendered":"<p><img loading=\"lazy\" decoding=\"async\" class=\"aligncenter\" alt=\"\" src=\"http:\/\/4.bp.blogspot.com\/-w1E4n7vq_XU\/UrjBfolisiI\/AAAAAAAAIG0\/38UVEx6A_Cs\/s640\/CAPAP.JPG\" width=\"640\" height=\"640\" \/><\/p>\n<p><img loading=\"lazy\" decoding=\"async\" class=\"aligncenter\" alt=\"\" src=\"http:\/\/3.bp.blogspot.com\/-0MSstAvTXAc\/UrjBbk0hV7I\/AAAAAAAAIGs\/2aClbQmTRCQ\/s640\/CONTRACAPAP.JPG\" width=\"640\" height=\"640\" \/><\/p>\n<p>Nesta que \u00e9 a semana do Natal, o Grand Record Brasil apresenta a segunda parte de sua sele\u00e7\u00e3o de m\u00fasicas do g\u00eanero, gravadas na era das 78 rota\u00e7\u00f5es por minuto, feita a partir de uma compila\u00e7\u00e3o realizada em 2006 por nosso amigo e colega Thiago Mello, para seu blog Bossa Brasileira (<a href=\"http:\/\/bossa-brasileira.blogspot.com\/\">http:\/\/bossa-brasileira.blogspot.com<\/a>). S\u00e3o as \u00faltimas onze grava\u00e7\u00f5es de nosso retrospecto, perfazendo um total de vinte.<br \/>\nOrlando Silva (1915-1978), o sempre querido e lembrado \u201ccantor das multid\u00f5es\u201d, abre esta segunda parte com o fox-can\u00e7\u00e3o \u201cNoite de Natal\u201d, de Maug\u00e9ri Neto e Maug\u00e9ri Sobrinho, lan\u00e7ado pela Copacabana em outubro-novembro de 1952 sob n.o 5010-B, matriz M-260. Nessa \u00e9poca, Orlando retornara ao conv\u00edvio do grande p\u00fablico, ap\u00f3s um per\u00edodo marcado por problemas de ordem pessoal, inclusive amorosa, e substituiu Francisco Alves, morto em acidente rodovi\u00e1rio naquele ano, em seu programa de domingo na R\u00e1dio Nacional do Rio de Janeiro.\u00a0\u00a0Em seguida, as duas partes de \u201cCantigas de Natal\u201d, pot-pourri de conhecidas m\u00fasicas do g\u00eanero (\u201cNoite feliz\u201d, \u201cTannenbaum\u201d, \u201cJingle bells\u201d, \u201cAmanh\u00e3 vem o Papai Noel\u201d, etc.), com arranjo de Radam\u00e9s Gnattali e Paulo Tapaj\u00f3s, e interpretadas pelos trios Melodia (do qual Tapaj\u00f3s fazia parte, junto com Albertinho Fortuna e Nuno Roland) e Madrigal (Edda Cardoso, Magda Marialba e Lolita Koch Freire). Esta sele\u00e7\u00e3o saiu pela Continental em 1951 com o n\u00famero 20106, matrizes 2720 e 2721. J\u00e1 que falamos em Francisco Alves (1898-1952), o eterno Rei da Voz aqui comparece com duas faixas. A primeira \u00e9 a marchinha \u201cMeu Natal\u201d, parceria sua com Ary Barroso, em grava\u00e7\u00e3o Victor de 19 de outubro de 1934, lan\u00e7ada em dezembro seguinte sob n.o\u00a0\u00a033857-A, matriz 79762. No acompanhamento a orquestra Diabos do C\u00e9u, do mestre Pixinguinha. A outra \u00e9 a can\u00e7\u00e3o-marcha \u201cNatal\u201d, de Herivelto Martins e Rog\u00e9rio Nascimento, grava\u00e7\u00e3o Odeon de 23 de outubro de 1945, lan\u00e7ada em dezembro seguinte com o n.o 12650-B, matriz 7926. Junto com ele est\u00e1 o Trio de Ouro em sua primeira forma\u00e7\u00e3o, com Herivelto, Dalva de Oliveira e Nilo Chagas, todos acompanhados plea orquestra de Fon-Fon\u00a0\u00a0(Otaviano Romero Monteiro).\u00a0\u00a0Carlos Galhardo, \u201co cantor que dispensa adjetivos\u201d, vem com outras duas faixas, em grava\u00e7\u00f5es RCA Victor. A primeira \u00e9 a singela can\u00e7\u00e3o \u201cFeliz Natal\u201d, de Peterpan (cunhado da cantora Emilinha Borba, que regravaria a m\u00fasica um ano mais tarde) e Giuseppe Ghiaroni, gravada por Galhardo em 4 de agosto de 1950 e lan\u00e7ada em outubro do mesmo ano sob n.o\u00a0\u00a080-0697-A, matriz S-092728 (na verdade a m\u00fasica fora lan\u00e7ada um ano antes, na Star, pelo coral da R\u00e1dio Nacional do Rio). O registro de Galhardo, curiosamente, seria reeditado com o n.o 80-1061-A, em dezembro de 1952. A outra faixa dele aqui \u00e9 exatamente a m\u00fasica que inaugurou entre n\u00f3s o g\u00eanero natalino: a marcha \u201cBoas festas\u201d, de Assis Valente, aqui em seu registro original, de 17 de outubro de 1933, lan\u00e7ado em dezembro seguinte pela ent\u00e3o Victor com o n.o 33723-A, matriz 65864. Foi, ali\u00e1s, o primeiro grande hit nacional do cantor, que a gravaria mais duas vezes. Em seguida, vem o grande Blecaute (Ot\u00e1vio Henrique de Oliveira, Esp\u00edrito Santo do Pinhal, SP, 1919-Rio de Janeiro, 1983), com a conhecid\u00edssima \u201cNatal das crian\u00e7as\u201d, de sua autoria, lan\u00e7ada pela Copacabana em dezembro de 1955 sob n.o 5502-A, matriz M-1273, Blecaute rotulou a m\u00fasica, modestamente, como \u201cvalsinha de roda\u201d, sem ao certo imaginar que seria um dos maiores hits do cancioneiro natalino brasileiro em todos os tempos!\u00a0\u00a0Temos depois outra \u201cNoite de Natal\u201d, desta vez uma valsa de Newton Teixeira em parceria com (Murilo) Alvarenga, que a gravou na Odeon com Ranchinho (Di\u00e9sis dos Anjos Gaya) em 30 de outubro de 1941 com lan\u00e7amento em dezembro seguinte, disco 12079-A, matriz 6826. Para encerrar, temos Dick Farney (Farn\u00e9sio Dutra e Silva, Rio de Janeiro, 1921-S\u00e3o Paulo, 1987), interpretando \u201cFeliz Natal\u201d, singela can\u00e7\u00e3o da festejada dupla Armando Cavalcanti-Kl\u00e9cius Caldas, lan\u00e7ada pela Continental entre outubro e dezembro de 1949 sob n.o 16123-A, matriz 2173, com acompanhamento da orquestra do tamb\u00e9m compositor Jos\u00e9 Maria de Abreu. Curiosamente, este registro teve reedi\u00e7\u00e3o em 1955, sob n.o 17230-B. A todos os amigos cultos, ocultos e associados do Toque Musical , os nossos mais sinceros votos de um Natal maravilhoso e um ano novo de 2014 repleto de alegria, paz, sa\u00fade e realiza\u00e7\u00f5es positivas!<\/p>\n<p>* Texto de SAMUEL MACHADO FILHO<\/p>\n<p>.<\/p>\n","protected":false},"excerpt":{"rendered":"<p>Nesta que \u00e9 a semana do Natal, o Grand Record Brasil apresenta a segunda parte de sua sele\u00e7\u00e3o de m\u00fasicas do g\u00eanero, gravadas na era das 78 rota\u00e7\u00f5es por minuto, feita a partir de uma compila\u00e7\u00e3o realizada em 2006 por &hellip; <a href=\"https:\/\/www.toque-musicall.com\/?p=3743\">Continue lendo <span class=\"meta-nav\">&rarr;<\/span><\/a><\/p>\n","protected":false},"author":1,"featured_media":0,"comment_status":"open","ping_status":"closed","sticky":false,"template":"","format":"standard","meta":{"footnotes":""},"categories":[824,586,138,1268,392,115,85,13,210,209,211],"tags":[],"class_list":["post-3743","post","type-post","status-publish","format-standard","hentry","category-alvarenga-e-ranchinho","category-blecaute","category-carlos-galhardo","category-demonios-do-ceu","category-dick-farney","category-francisco-alves","category-orlando-silva","category-selo-grand-record-brazil","category-trio-de-ouro","category-trio-madrigal","category-trio-melodia"],"_links":{"self":[{"href":"https:\/\/www.toque-musicall.com\/index.php?rest_route=\/wp\/v2\/posts\/3743","targetHints":{"allow":["GET"]}}],"collection":[{"href":"https:\/\/www.toque-musicall.com\/index.php?rest_route=\/wp\/v2\/posts"}],"about":[{"href":"https:\/\/www.toque-musicall.com\/index.php?rest_route=\/wp\/v2\/types\/post"}],"author":[{"embeddable":true,"href":"https:\/\/www.toque-musicall.com\/index.php?rest_route=\/wp\/v2\/users\/1"}],"replies":[{"embeddable":true,"href":"https:\/\/www.toque-musicall.com\/index.php?rest_route=%2Fwp%2Fv2%2Fcomments&post=3743"}],"version-history":[{"count":1,"href":"https:\/\/www.toque-musicall.com\/index.php?rest_route=\/wp\/v2\/posts\/3743\/revisions"}],"predecessor-version":[{"id":3746,"href":"https:\/\/www.toque-musicall.com\/index.php?rest_route=\/wp\/v2\/posts\/3743\/revisions\/3746"}],"wp:attachment":[{"href":"https:\/\/www.toque-musicall.com\/index.php?rest_route=%2Fwp%2Fv2%2Fmedia&parent=3743"}],"wp:term":[{"taxonomy":"category","embeddable":true,"href":"https:\/\/www.toque-musicall.com\/index.php?rest_route=%2Fwp%2Fv2%2Fcategories&post=3743"},{"taxonomy":"post_tag","embeddable":true,"href":"https:\/\/www.toque-musicall.com\/index.php?rest_route=%2Fwp%2Fv2%2Ftags&post=3743"}],"curies":[{"name":"wp","href":"https:\/\/api.w.org\/{rel}","templated":true}]}}