{"id":375,"date":"2011-08-14T13:35:00","date_gmt":"2011-08-14T13:35:00","guid":{"rendered":"http:\/\/www.toque-musicall.com\/?p=375"},"modified":"2011-08-14T13:35:00","modified_gmt":"2011-08-14T13:35:00","slug":"este-e-do-papai-1959","status":"publish","type":"post","link":"https:\/\/www.toque-musicall.com\/?p=375","title":{"rendered":"Este \u00c9 Do Papai (1959)"},"content":{"rendered":"<div style=\"clear: both; text-align: center;\"><a href=\"http:\/\/3.bp.blogspot.com\/-Q26Tfknncck\/TkfCuTlYhuI\/AAAAAAAAIPY\/_9MTiJaXPxY\/s1600\/este+%25C3%25A9+do+papai+P.JPG\" style=\"margin-left: 1em; margin-right: 1em;\"><img loading=\"lazy\" decoding=\"async\" border=\"0\" height=\"396\" src=\"http:\/\/3.bp.blogspot.com\/-Q26Tfknncck\/TkfCuTlYhuI\/AAAAAAAAIPY\/_9MTiJaXPxY\/s400\/este+%25C3%25A9+do+papai+P.JPG\" width=\"400\" \/><\/a><\/div>\n<p>Bom dia a todos os amigos cultos e ocultos, em especial aos papais que hoje comemoram a sua data.<br \/>Todo ano eu ensaio de postar este disco, mas acabo sempre me esquecendo dele na hora &#8216;h&#8217;. Desta vez eu procurei ficar atento e hoje ele est\u00e1 aqui. Ta\u00ed um \u00e1lbum muito bacana criado pela RCA Victor, nos tempos em que Dia dos Pais era mais que uma simples jogada comercial. Vejam voc\u00eas como \u00e9 interessante&#8230; como a ind\u00fastria fonogr\u00e1fica se preocupava em pautar essas datas, criando discos bem produzidos e m\u00fasica de qualidade.<br \/>Em &#8220;Este \u00e9 do papai&#8221; a gravadora recrutou um belo elenco de int\u00e9rpretes e m\u00fasicos de seu &#8216;cast&#8217; para criar um disco em homenagem ao &#8220;Dia dos Pais&#8221;. Todas as doze m\u00fasicas do lp fazem refer\u00eancia direta ao papai, sempre enaltecendo a figura daquele bom homem, que era chamado de &#8216;chefe da fam\u00edlia&#8217;. Os papais continuam existindo, muitos, inclusive, se mant\u00e9m na t\u00edpica caracteriza\u00e7\u00e3o, como nos inspira a foto da capa. Por\u00e9m, vivemos hoje numa outra \u00e9poca, onde alguns valores e h\u00e1bitos foram se modificando ou se perdendo. Para mim, o principal deles foi a emo\u00e7\u00e3o. Eis a\u00ed uma palavra (nesse sentido) que vem, como os velhos artistas e seus discos, se transformando ao longo dos tempos. Talvez, por isso mesmo, \u00e9 que a gente fica procurando fazer esses &#8216;playbacks&#8217; da vida. Independente de qualquer coisa, hoje \u00e9 o Dia do Papai. Viva eu, viva voc\u00ea, viva todos n\u00f3s que somos pais!<\/p>\n<div style=\"text-align: center;\">papai do meu cora\u00e7\u00e3o &#8211; carlos galhardo<\/div>\n<div style=\"text-align: center;\">a cara do pai &#8211; ivon curi<\/div>\n<div style=\"text-align: center;\">meu grande pai &#8211; verinha l\u00facia<\/div>\n<div style=\"text-align: center;\">papai &#8211; zaccarias e seu quarteto excelsior<\/div>\n<div style=\"text-align: center;\">dia dos pais &#8211; luiz gonzaga<\/div>\n<div style=\"text-align: center;\">se&#8230; (poema) &#8211; rodolfo mayer<\/div>\n<div style=\"text-align: center;\">eu sou mais o papai &#8211; neusa maria<\/div>\n<div style=\"text-align: center;\">salve o papai &#8211; carlos gonzaga<\/div>\n<div style=\"text-align: center;\">papai me disse &#8211; luzia de castro e gerson filho<\/div>\n<div style=\"text-align: center;\">viva o nosso papai &#8211; zaccarias e seu quarteto excelsior<\/div>\n<div style=\"text-align: center;\">papai do c\u00e9u &#8211; verinha l\u00facia<\/div>\n<div style=\"text-align: center;\">a surpresa do papai &#8211; verinha l\u00facia e mario zan<\/div>\n","protected":false},"excerpt":{"rendered":"<p>Bom dia a todos os amigos cultos e ocultos, em especial aos papais que hoje comemoram a sua data.Todo ano eu ensaio de postar este disco, mas acabo sempre me esquecendo dele na hora &#8216;h&#8217;. Desta vez eu procurei ficar &hellip; <a href=\"https:\/\/www.toque-musicall.com\/?p=375\">Continue lendo <span class=\"meta-nav\">&rarr;<\/span><\/a><\/p>\n","protected":false},"author":1,"featured_media":0,"comment_status":"open","ping_status":"closed","sticky":false,"template":"","format":"standard","meta":{"footnotes":""},"categories":[138,609,608,612,222,606,611,94,70,610,607],"tags":[],"class_list":["post-375","post","type-post","status-publish","format-standard","hentry","category-carlos-galhardo","category-carlos-gonzaga","category-este-e-do-papai","category-ivon-curi","category-luiz-gonzaga","category-luzia-de-castro","category-neusa-maria","category-rodolfo-mayer","category-selo-rca-victor","category-verinha-lucia","category-zaccarias-e-seu-quarteto-excelsior"],"_links":{"self":[{"href":"https:\/\/www.toque-musicall.com\/index.php?rest_route=\/wp\/v2\/posts\/375","targetHints":{"allow":["GET"]}}],"collection":[{"href":"https:\/\/www.toque-musicall.com\/index.php?rest_route=\/wp\/v2\/posts"}],"about":[{"href":"https:\/\/www.toque-musicall.com\/index.php?rest_route=\/wp\/v2\/types\/post"}],"author":[{"embeddable":true,"href":"https:\/\/www.toque-musicall.com\/index.php?rest_route=\/wp\/v2\/users\/1"}],"replies":[{"embeddable":true,"href":"https:\/\/www.toque-musicall.com\/index.php?rest_route=%2Fwp%2Fv2%2Fcomments&post=375"}],"version-history":[{"count":0,"href":"https:\/\/www.toque-musicall.com\/index.php?rest_route=\/wp\/v2\/posts\/375\/revisions"}],"wp:attachment":[{"href":"https:\/\/www.toque-musicall.com\/index.php?rest_route=%2Fwp%2Fv2%2Fmedia&parent=375"}],"wp:term":[{"taxonomy":"category","embeddable":true,"href":"https:\/\/www.toque-musicall.com\/index.php?rest_route=%2Fwp%2Fv2%2Fcategories&post=375"},{"taxonomy":"post_tag","embeddable":true,"href":"https:\/\/www.toque-musicall.com\/index.php?rest_route=%2Fwp%2Fv2%2Ftags&post=375"}],"curies":[{"name":"wp","href":"https:\/\/api.w.org\/{rel}","templated":true}]}}