{"id":3751,"date":"2013-12-29T23:25:08","date_gmt":"2013-12-30T01:25:08","guid":{"rendered":"http:\/\/www.toque-musicall.com\/?p=3751"},"modified":"2013-12-29T23:25:08","modified_gmt":"2013-12-30T01:25:08","slug":"massafeira-livre-1980","status":"publish","type":"post","link":"https:\/\/www.toque-musicall.com\/?p=3751","title":{"rendered":"Massafeira Livre (1980)"},"content":{"rendered":"<p><img loading=\"lazy\" decoding=\"async\" class=\"aligncenter\" alt=\"\" src=\"http:\/\/3.bp.blogspot.com\/-PWLW9S3SUTc\/UsCa6J6o5WI\/AAAAAAAAIH8\/UAmXvqiVP58\/s640\/capap.JPG\" width=\"633\" height=\"640\" \/><img loading=\"lazy\" decoding=\"async\" class=\"aligncenter\" alt=\"\" src=\"http:\/\/3.bp.blogspot.com\/-qZE0-ApJ9Vw\/UsCa2JyeSeI\/AAAAAAAAIH0\/RjtSVuWHBQI\/s640\/contrap.JPG\" width=\"640\" height=\"639\" \/><\/p>\n<p>Ol\u00e1 amigos cultos e ocultos! Como j\u00e1 deu para perceber, nos \u00faltimos dias eu n\u00e3o postei nada. Depois do Natal me deu uma pregui\u00e7a daquelas. Ali\u00e1s, vou ser sincero, ando meio cansado de tudo isso aqui. As postagens di\u00e1rias j\u00e1 n\u00e3o me despertam interesse. Embora eu tenha aqui uma infinidade de discos ainda para apresentar, ando meio desanimado. Deve ser o ano que vai chegando ao fim, assim como a minha energia. Sinceramente, os dias j\u00e1 n\u00e3o s\u00e3o mais os mesmos e essa onda de blog musical est\u00e1 ficando aborrecida e obsoleta. Parece que poucos s\u00e3o aqueles ainda interessados em m\u00fasica editada. Discos, naturalmente. Como os livros. S\u00f3 mesmo os apaixonados&#8230; T\u00f4 meio cansado.<br \/>\nEis aqui um \u00e1lbum o qual eu h\u00e1 tempos venho querendo postar, bem antes de seu relan\u00e7amento, em 2010, na vers\u00e3o digital. &#8220;Massafeira Livre&#8221; \u00e9 um daqueles \u00e1lbuns que todo bom\u00a0amante-colecionador de MPB em discos tem que ter. Eu entendo que existem m\u00fasicas, projetos e at\u00e9 mesmo artistas\/bandas que foram feitos para existirem no mundo fonogr\u00e1fico, coisa de uma \u00e9poca que parece j\u00e1 n\u00e3o mais existir. &#8220;Massafeira&#8221; me passa essa ideia de uma verdadeira produ\u00e7\u00e3o fonogr\u00e1fica. Talvez pela sua variedade e riqueza musical, felizmente apresentada em dois discos, um \u00e1lbum duplo. &#8220;Massafeira Livre&#8221;, em disco, \u00e9 uma produ\u00e7\u00e3o de Ednardo. Uma s\u00edntese do que ocorreu no hist\u00f3rico evento cultural, em mar\u00e7o de 1979. Ctrl+C, Ctrl V:<br \/>\n<i>Durante quatro dias de mar\u00e7o de 79, o Teatro Jos\u00e9 de Alencar foi envolvido por uma magia que despertou os habitantes da pacata cidade de Fortaleza.\u00a0Artistas das mais variadas formas de express\u00e3o cultural se juntaram numa grande festa de intera\u00e7\u00e3o.\u00a0Um projeto comunit\u00e1rio de manifesta\u00e7\u00f5es art\u00edsticas tomou corpo, vida, brilho pr\u00f3prio e registrou a energia criadora da sensibilidade humana numa feira livre de artes.\u00a0\u00a0Englobando m\u00fasica, cinema, teatro, literatura, dan\u00e7a, pintura, escultura, fotografia, artesanato, cultura popular, usos e costumes da terra, a massa, em massa, digeriu esse acontecimento como for\u00e7a atuante, geradora de impulso.\u00a0E Fortaleza foi seduzida por esse movimento, por essa explos\u00e3o de anos. E aconteceu a MassaFeira Livre.<\/i><br \/>\n<i>Em julho de 79, mais de cem pessoas, entre m\u00fasicos, instrumentistas, cantores e compositores cearenses foram levados ao Rio de Janeiro, para a grava\u00e7\u00e3o do \u00e1lbum duplo Massafeira Livre. Uma verdadeira algazarra ocorria nos est\u00fadios da CBS. Um fato in\u00e9dito estava sendo prensado por aquela gravadora: a feira livre de manifesta\u00e7\u00e3o art\u00edstica, liderada pela m\u00fasica, que ocorreu na cidade de Fortaleza-Ce., nos dias 15, 16, 17, 18 de mar\u00e7o \/ 79. A feira livre em massa.\u00a0Quinze meses passaram e &#8220;por raz\u00f5es de for\u00e7a maior&#8221;\u00a0<b>*<\/b>\u00a0o \u00e1lbum ficou retido nas gavetas da CBS. As raz\u00f5es n\u00e3o foram esclarecidas, cresciam as expectativas em torno deste lan\u00e7amento, os artistas presentes no disco reivindicavam o acordo feito com a gravadora.<br \/>\nEdnardo, como produtor do \u00e1lbum, como artista e como cabe\u00e7a pensante que iniciou o projeto Massafeira, veio ao Rio; realizaram-se as conversa\u00e7\u00f5es e o disco Massafeira Livre foi finalmente anistiado.\u00a0De volta a Fortaleza, e aproveitando o lan\u00e7amento de seu lp &#8220;Im\u00e3&#8221;, Ednardo impulsiona a II Massafeira, outra grande festa comunit\u00e1ria art\u00edstica, que aconteceu de 16 \u00e0 19 de outubro de 1980, onde o \u00e1lbum duplo \u00e9 finalmente lan\u00e7ado.<\/i><\/p>\n<div style=\"text-align: center;\">aurora &#8211; ednardo e belchior<\/div>\n<div style=\"text-align: center;\">como as primeira chuvas do caju &#8211; angela linhares<\/div>\n<div style=\"text-align: center;\">p\u00e9 de espinho &#8211; rog\u00e9rio e regis<\/div>\n<div style=\"text-align: center;\">vira vento &#8211; vicente lopes<\/div>\n<div style=\"text-align: center;\">aviso aos navegantes &#8211; lucio ricardo<\/div>\n<div style=\"text-align: center;\">o que foi que voc\u00ea viu &#8211; chico pio<\/div>\n<div style=\"text-align: center;\">brejo &#8211; regis<\/div>\n<div style=\"text-align: center;\">atalaia &#8211; ferreirinha<\/div>\n<div style=\"text-align: center;\">frio da serra &#8211; lopes, ednardo e fagner<\/div>\n<div style=\"text-align: center;\">isopor &#8211; wagner costa<\/div>\n<div style=\"text-align: center;\">buenos aires (citroen) &#8211; sergio pinheiro<\/div>\n<div style=\"text-align: center;\">senhor doutor &#8211; patativa do assar\u00e9<\/div>\n<div style=\"text-align: center;\">o sol \u00e9 que \u00e9 quente &#8211; ednardo e aninha<\/div>\n<div style=\"text-align: center;\">em cada tela uma hist\u00f3ria &#8211; lucio ricardo<\/div>\n<div style=\"text-align: center;\">cor de sonho &#8211; mona gadelha<\/div>\n<div style=\"text-align: center;\">vento rei &#8211; cale<\/div>\n<div style=\"text-align: center;\">rei &#8211; teti e tania<\/div>\n<div style=\"text-align: center;\">jardim do olhar &#8211; coro massafeira<\/div>\n<div style=\"text-align: center;\">o sol acordou &#8211; ednardo<\/div>\n<div style=\"text-align: center;\">estradeiro &#8211; rogerio<\/div>\n<div style=\"text-align: center;\">pelos cantos &#8211; graco<\/div>\n<div style=\"text-align: center;\">n\u00e3o haver\u00e1 mais um dia &#8211; pachelli jamacaru<\/div>\n<div style=\"text-align: center;\">\u00faltimo raio de sol &#8211; ednardo e teti<\/div>\n<div style=\"text-align: center;\">reizado &#8211; ednardo<\/div>\n<div style=\"text-align: center;\"><\/div>\n<div style=\"text-align: center;\">.<\/div>\n","protected":false},"excerpt":{"rendered":"<p>Ol\u00e1 amigos cultos e ocultos! Como j\u00e1 deu para perceber, nos \u00faltimos dias eu n\u00e3o postei nada. Depois do Natal me deu uma pregui\u00e7a daquelas. Ali\u00e1s, vou ser sincero, ando meio cansado de tudo isso aqui. As postagens di\u00e1rias j\u00e1 &hellip; <a href=\"https:\/\/www.toque-musicall.com\/?p=3751\">Continue lendo <span class=\"meta-nav\">&rarr;<\/span><\/a><\/p>\n","protected":false},"author":1,"featured_media":0,"comment_status":"open","ping_status":"closed","sticky":false,"template":"","format":"standard","meta":{"footnotes":""},"categories":[1391,132,2299,624],"tags":[],"class_list":["post-3751","post","type-post","status-publish","format-standard","hentry","category-belchior","category-fagner","category-patativa-do-assare","category-selo-epic"],"_links":{"self":[{"href":"https:\/\/www.toque-musicall.com\/index.php?rest_route=\/wp\/v2\/posts\/3751","targetHints":{"allow":["GET"]}}],"collection":[{"href":"https:\/\/www.toque-musicall.com\/index.php?rest_route=\/wp\/v2\/posts"}],"about":[{"href":"https:\/\/www.toque-musicall.com\/index.php?rest_route=\/wp\/v2\/types\/post"}],"author":[{"embeddable":true,"href":"https:\/\/www.toque-musicall.com\/index.php?rest_route=\/wp\/v2\/users\/1"}],"replies":[{"embeddable":true,"href":"https:\/\/www.toque-musicall.com\/index.php?rest_route=%2Fwp%2Fv2%2Fcomments&post=3751"}],"version-history":[{"count":1,"href":"https:\/\/www.toque-musicall.com\/index.php?rest_route=\/wp\/v2\/posts\/3751\/revisions"}],"predecessor-version":[{"id":3754,"href":"https:\/\/www.toque-musicall.com\/index.php?rest_route=\/wp\/v2\/posts\/3751\/revisions\/3754"}],"wp:attachment":[{"href":"https:\/\/www.toque-musicall.com\/index.php?rest_route=%2Fwp%2Fv2%2Fmedia&parent=3751"}],"wp:term":[{"taxonomy":"category","embeddable":true,"href":"https:\/\/www.toque-musicall.com\/index.php?rest_route=%2Fwp%2Fv2%2Fcategories&post=3751"},{"taxonomy":"post_tag","embeddable":true,"href":"https:\/\/www.toque-musicall.com\/index.php?rest_route=%2Fwp%2Fv2%2Ftags&post=3751"}],"curies":[{"name":"wp","href":"https:\/\/api.w.org\/{rel}","templated":true}]}}