{"id":3755,"date":"2013-12-30T21:31:55","date_gmt":"2013-12-30T23:31:55","guid":{"rendered":"http:\/\/www.toque-musicall.com\/?p=3755"},"modified":"2013-12-30T21:31:55","modified_gmt":"2013-12-30T23:31:55","slug":"os-originais-do-samba-pra-que-tristeza-1974","status":"publish","type":"post","link":"https:\/\/www.toque-musicall.com\/?p=3755","title":{"rendered":"Os Originais Do Samba &#8211; Pra Que Tristeza (1974)"},"content":{"rendered":"<p><img loading=\"lazy\" decoding=\"async\" class=\"aligncenter\" alt=\"\" src=\"http:\/\/2.bp.blogspot.com\/-hvH8ntia9CE\/UsIBQlxMCgI\/AAAAAAAAIIs\/NZpN5oo9sRw\/s1600\/capap.JPG\" width=\"1000\" height=\"993\" \/><img loading=\"lazy\" decoding=\"async\" class=\"aligncenter\" alt=\"\" src=\"http:\/\/2.bp.blogspot.com\/-N15j6-Aca8Q\/UsIBMqvtxjI\/AAAAAAAAIIk\/E4A0cfsoJ3E\/s1600\/contrap.JPG\" width=\"1000\" height=\"985\" \/><\/p>\n<div>Boa noite, meus prezados amigos cultos e ocultos! Eis que me surgiu mais uma folguinha e um leve desejo de fazer uma \u00faltima postagem neste ano de 2013 que vai se encerrando. Eu havia pensado em criar uma colet\u00e2nea para embalar os festejos de fim de ano, mas creio que j\u00e1 est\u00e1 meio em cima da hora. Para garantir pelo menos um final feliz, aqui vai um dos melhores discos do grupo Os Originais do Samba. &#8220;Pra que tristeza&#8221;, \u00e1lbum lan\u00e7ado me 1974, fase muito boa. No disco temos pelo menos duas m\u00fasicas de muito sucesso, &#8220;Trag\u00e9dia no fundo do mar&#8221;, tamb\u00e9m conhecida como &#8220;Assassinaram o camar\u00e3o&#8221;, que fez muito sucesso e se tornou hoje um samba cl\u00e1ssico. E falando em cl\u00e1ssico, temos o &#8220;Samba do Arnesto&#8221;, de Adoniran Barbosa, que tamb\u00e9m participa nesta swingada vers\u00e3o.<\/div>\n<div>E ficamos ent\u00e3o assim&#8230; Se a gente n\u00e3o se ver amanh\u00e3, fica aqui e j\u00e1 os meus votos de boas festas. Um feliz ano novo para todos. Muita paz, amor, sa\u00fade e m\u00fasica! Que em 2014 a gente consiga realizar tudo aquilo que ainda n\u00e3o foi poss\u00edvel. que seja o ano das muitas realiza\u00e7\u00f5es. Sauda\u00e7\u00f5es musicais a todos!<\/div>\n<div><\/div>\n<div>\n<div style=\"text-align: center;\">saudade e flores<\/div>\n<\/div>\n<div style=\"text-align: center;\">\n<div>samba do arnesto<\/div>\n<\/div>\n<div style=\"text-align: center;\">\n<div>cabe\u00e7a que nao tem ju\u00edzo<\/div>\n<\/div>\n<div style=\"text-align: center;\">\n<div>trag\u00e9dia no fundo do mar<\/div>\n<\/div>\n<div style=\"text-align: center;\">\n<div>pra que tristeza<\/div>\n<\/div>\n<div style=\"text-align: center;\">\n<div>mulata faceira<\/div>\n<\/div>\n<div style=\"text-align: center;\">\n<div>boato<\/div>\n<\/div>\n<div style=\"text-align: center;\">\n<div>canto de amor<\/div>\n<\/div>\n<div style=\"text-align: center;\">\n<div>buchicho<\/div>\n<\/div>\n<div style=\"text-align: center;\">\n<div>complica\u00e7\u00e3o<\/div>\n<\/div>\n<div style=\"text-align: center;\">\n<div>quem me dera<\/div>\n<\/div>\n<div style=\"text-align: center;\">\n<div>n\u00e3o sei de anda<\/div>\n<\/div>\n<div style=\"text-align: center;\">\n<div><\/div>\n<\/div>\n<div>\n<div style=\"text-align: center;\">.<\/div>\n<div style=\"text-align: center;\"><\/div>\n<\/div>\n","protected":false},"excerpt":{"rendered":"<p>Boa noite, meus prezados amigos cultos e ocultos! Eis que me surgiu mais uma folguinha e um leve desejo de fazer uma \u00faltima postagem neste ano de 2013 que vai se encerrando. Eu havia pensado em criar uma colet\u00e2nea para &hellip; <a href=\"https:\/\/www.toque-musicall.com\/?p=3755\">Continue lendo <span class=\"meta-nav\">&rarr;<\/span><\/a><\/p>\n","protected":false},"author":1,"featured_media":0,"comment_status":"open","ping_status":"closed","sticky":false,"template":"","format":"standard","meta":{"footnotes":""},"categories":[1254,70],"tags":[],"class_list":["post-3755","post","type-post","status-publish","format-standard","hentry","category-os-originais-do-samba","category-selo-rca-victor"],"_links":{"self":[{"href":"https:\/\/www.toque-musicall.com\/index.php?rest_route=\/wp\/v2\/posts\/3755","targetHints":{"allow":["GET"]}}],"collection":[{"href":"https:\/\/www.toque-musicall.com\/index.php?rest_route=\/wp\/v2\/posts"}],"about":[{"href":"https:\/\/www.toque-musicall.com\/index.php?rest_route=\/wp\/v2\/types\/post"}],"author":[{"embeddable":true,"href":"https:\/\/www.toque-musicall.com\/index.php?rest_route=\/wp\/v2\/users\/1"}],"replies":[{"embeddable":true,"href":"https:\/\/www.toque-musicall.com\/index.php?rest_route=%2Fwp%2Fv2%2Fcomments&post=3755"}],"version-history":[{"count":1,"href":"https:\/\/www.toque-musicall.com\/index.php?rest_route=\/wp\/v2\/posts\/3755\/revisions"}],"predecessor-version":[{"id":3758,"href":"https:\/\/www.toque-musicall.com\/index.php?rest_route=\/wp\/v2\/posts\/3755\/revisions\/3758"}],"wp:attachment":[{"href":"https:\/\/www.toque-musicall.com\/index.php?rest_route=%2Fwp%2Fv2%2Fmedia&parent=3755"}],"wp:term":[{"taxonomy":"category","embeddable":true,"href":"https:\/\/www.toque-musicall.com\/index.php?rest_route=%2Fwp%2Fv2%2Fcategories&post=3755"},{"taxonomy":"post_tag","embeddable":true,"href":"https:\/\/www.toque-musicall.com\/index.php?rest_route=%2Fwp%2Fv2%2Ftags&post=3755"}],"curies":[{"name":"wp","href":"https:\/\/api.w.org\/{rel}","templated":true}]}}