{"id":3759,"date":"2014-01-05T16:11:32","date_gmt":"2014-01-05T18:11:32","guid":{"rendered":"http:\/\/www.toque-musicall.com\/?p=3759"},"modified":"2014-01-05T16:11:32","modified_gmt":"2014-01-05T18:11:32","slug":"orlando-silva-compacto-odeon-1959","status":"publish","type":"post","link":"https:\/\/www.toque-musicall.com\/?p=3759","title":{"rendered":"Orlando Silva &#8211; Compacto Odeon (1959)"},"content":{"rendered":"<p><img loading=\"lazy\" decoding=\"async\" class=\"aligncenter\" alt=\"\" src=\"http:\/\/3.bp.blogspot.com\/-mDwjB18Do0Q\/Usme93zfGxI\/AAAAAAAAIM8\/adEFA0jocsc\/s1600\/CAPAp.JPG\" width=\"1000\" height=\"1000\" \/><img loading=\"lazy\" decoding=\"async\" class=\"aligncenter\" alt=\"\" src=\"http:\/\/1.bp.blogspot.com\/-n1czIzk4cW0\/Usmewi8Ob4I\/AAAAAAAAIMs\/uF8_Lxc7oBw\/s1600\/Sem+t%C3%ADtulo-1+P.JPG\" width=\"1000\" height=\"1000\" \/><\/p>\n<div>Ol\u00e1 amigos cultos e ocultos! Feliz 2014 para todos! Aqui estamos de volta, trazendo sempre algo para se ouvir com outros olhos. Discos raros, curiosos, bootlegs, grava\u00e7\u00f5es e colet\u00e2neas exclusivas.<\/div>\n<div>Como maneira de provar o quanto s\u00e3o poucos aqueles que perdem alguns minutinhos lendo nossas postagens, vou deixar aqui uma mensagem interessante, a qual eu n\u00e3o pretenndo repetir novamente. Quem leu, entendeu e vai aproveitar bem a dica. \u00c9 o seguinte, a partir desta postagem estarei deixando um link relativo ao t\u00edtulo apresentado, de maneira bem discreta, na \u00faltima letra do texto (antes da rela\u00e7\u00e3o da m\u00fasicas). Clicando na letra final voc\u00eas ter\u00e3o acesso ao arquivo direto, atrav\u00e9s de seu provedor (no caso e at\u00e9 o momento, o Deposit Files). Essa \u00e9 uma alternativa que estou criando, inicialmente como um teste. Vamos ver quantos v\u00e3o &#8216;pescar&#8217; a ideia \ud83d\ude09<\/div>\n<div>Come\u00e7amos o ano bem, trazendo o grande Orlando Silva em um raro compacto de 1959, um dos primeiros lan\u00e7ados no Brasil pela Odeon. Trata-se de um compacto duplo trazendo quatro temas marcantes, que Orlando Silva interpreta com toda a sua classe. Me parece que foi tamb\u00e9m a \u00faltima grava\u00e7\u00e3o feita pelo cantor na Odeon. Imagino tamb\u00e9m que este compacto tivesse uma capinha ilustrada, como era comum nos primeiros disquinhos de 7 polegadas. O que eu tenho, infelizmente, n\u00e3o tem capa. Da\u00ed, para embalar o presente, criei essa aqui, exclusiva do Toque Musica<a href=\"http:\/\/depositfiles.org\/files\/xgic3wuc9\">l<\/a>.<\/div>\n<div><\/div>\n<div>\n<div style=\"text-align: center;\">rosalina<\/div>\n<\/div>\n<div style=\"text-align: center;\">\n<div>quando as aves emigram<\/div>\n<\/div>\n<div style=\"text-align: center;\">\n<div>timidez<\/div>\n<\/div>\n<div style=\"text-align: center;\">\n<div>lago da esperan\u00e7a<\/div>\n<\/div>\n<div style=\"text-align: center;\">\n<div><\/div>\n<\/div>\n<div>\n<div style=\"text-align: center;\">.<\/div>\n<\/div>\n","protected":false},"excerpt":{"rendered":"<p>Ol\u00e1 amigos cultos e ocultos! Feliz 2014 para todos! Aqui estamos de volta, trazendo sempre algo para se ouvir com outros olhos. Discos raros, curiosos, bootlegs, grava\u00e7\u00f5es e colet\u00e2neas exclusivas. Como maneira de provar o quanto s\u00e3o poucos aqueles que &hellip; <a href=\"https:\/\/www.toque-musicall.com\/?p=3759\">Continue lendo <span class=\"meta-nav\">&rarr;<\/span><\/a><\/p>\n","protected":false},"author":1,"featured_media":0,"comment_status":"open","ping_status":"closed","sticky":false,"template":"","format":"standard","meta":{"footnotes":""},"categories":[93,85,86],"tags":[],"class_list":["post-3759","post","type-post","status-publish","format-standard","hentry","category-compactos","category-orlando-silva","category-selo-odeon"],"_links":{"self":[{"href":"https:\/\/www.toque-musicall.com\/index.php?rest_route=\/wp\/v2\/posts\/3759","targetHints":{"allow":["GET"]}}],"collection":[{"href":"https:\/\/www.toque-musicall.com\/index.php?rest_route=\/wp\/v2\/posts"}],"about":[{"href":"https:\/\/www.toque-musicall.com\/index.php?rest_route=\/wp\/v2\/types\/post"}],"author":[{"embeddable":true,"href":"https:\/\/www.toque-musicall.com\/index.php?rest_route=\/wp\/v2\/users\/1"}],"replies":[{"embeddable":true,"href":"https:\/\/www.toque-musicall.com\/index.php?rest_route=%2Fwp%2Fv2%2Fcomments&post=3759"}],"version-history":[{"count":1,"href":"https:\/\/www.toque-musicall.com\/index.php?rest_route=\/wp\/v2\/posts\/3759\/revisions"}],"predecessor-version":[{"id":3762,"href":"https:\/\/www.toque-musicall.com\/index.php?rest_route=\/wp\/v2\/posts\/3759\/revisions\/3762"}],"wp:attachment":[{"href":"https:\/\/www.toque-musicall.com\/index.php?rest_route=%2Fwp%2Fv2%2Fmedia&parent=3759"}],"wp:term":[{"taxonomy":"category","embeddable":true,"href":"https:\/\/www.toque-musicall.com\/index.php?rest_route=%2Fwp%2Fv2%2Fcategories&post=3759"},{"taxonomy":"post_tag","embeddable":true,"href":"https:\/\/www.toque-musicall.com\/index.php?rest_route=%2Fwp%2Fv2%2Ftags&post=3759"}],"curies":[{"name":"wp","href":"https:\/\/api.w.org\/{rel}","templated":true}]}}