{"id":3763,"date":"2014-01-08T19:15:28","date_gmt":"2014-01-08T21:15:28","guid":{"rendered":"http:\/\/www.toque-musicall.com\/?p=3763"},"modified":"2014-01-08T19:15:28","modified_gmt":"2014-01-08T21:15:28","slug":"aracy-de-almeida-o-samba-em-pessoa-1966","status":"publish","type":"post","link":"https:\/\/www.toque-musicall.com\/?p=3763","title":{"rendered":"Aracy De Almeida &#8211; O Samba Em Pessoa (1966)"},"content":{"rendered":"<p><img loading=\"lazy\" decoding=\"async\" class=\"aligncenter\" alt=\"\" src=\"http:\/\/1.bp.blogspot.com\/-ik39K00G_Pc\/Us21_aHVlVI\/AAAAAAAAINU\/BSuM3IT9P5A\/s1600\/capap.JPG\" width=\"1000\" height=\"1027\" \/><img loading=\"lazy\" decoding=\"async\" class=\"aligncenter\" alt=\"\" src=\"http:\/\/2.bp.blogspot.com\/-u72t_dXQLLA\/Us216MvbHoI\/AAAAAAAAINM\/RaRFjDdpEBQ\/s1600\/contrap.JPG\" width=\"1000\" height=\"992\" \/><\/p>\n<p>Ol\u00e1 amigos cultos e ocultos! 2014 come\u00e7ou bem&#8230; bem quente! P\u00f4&#8230; que calor fdp! Me tirou at\u00e9 o pouco \u00e2nimo que tenho tido para fazer as postagens. Mas com a ajuda do ventilador e uma jarra de \u00e1gua gelada, tudo d\u00e1 uma refrescada.<br \/>\nTrago para voc\u00eas este disco da cantora Aracy de Almeida. \u00c1lbum lan\u00e7ado pela RCA, atrav\u00e9s de seu selo RCA Camden, em 1966. Este selo foi o respons\u00e1vel por algumas reedi\u00e7\u00f5es de antigas grava\u00e7\u00f5es da Victor, feitas no per\u00edodo do 78 rpm. Trata-se, obviamente, de colet\u00e2neas tais como as que fazemos hoje na s\u00e9rie &#8220;Grand Record Brasil&#8221;, do Toque Musical. Nesta sele\u00e7\u00e3o intitulada &#8220;O Samba Em Pessoa&#8221;, vamos encontrar doze fonogramas extra\u00eddos de grava\u00e7\u00f5es feitas pela cantora entre os anos de 1937 a 42. N\u00e3o precisa nem dizer, uma d\u00fazia de cl\u00e1ssicos da melhor qualidade. Muitas das m\u00fasicas apresentadas neste disco tamb\u00e9m est\u00e3o na sele\u00e7\u00e3o GRB, mesmo assim eu achei interessante de postarmos um \u00e1lbum bacana como \u00e9 esse. Foi na \u00e9poca a oportunidade do p\u00fablico vir a ter e ouvir grava\u00e7\u00f5es que at\u00e9 ent\u00e3o s\u00f3 eram poss\u00edveis em bolacha de 78 rpm. Esta s\u00e9rie RCA Camden ajudou a difundir artistas e m\u00fasicas esquecidas, resgatando um pouco de uma produ\u00e7\u00e3o fonogr\u00e1fica hist\u00f3ria. Vamos ouvi<a href=\"http:\/\/depositfiles.org\/files\/z5x5thq8u\" target=\"_blank\">r<\/a>&#8230;<\/p>\n<div style=\"text-align: center;\">tenha pena de mim<\/div>\n<div style=\"text-align: center;\">oque foi que eu te fiz<\/div>\n<div style=\"text-align: center;\">s\u00e9culo do progresso<\/div>\n<div style=\"text-align: center;\">com raz\u00e3o ou sem raz\u00e3o<\/div>\n<div style=\"text-align: center;\">camisa amarela<\/div>\n<div style=\"text-align: center;\">rapaz folgado<\/div>\n<div style=\"text-align: center;\">\u00faltimo desejo<\/div>\n<div style=\"text-align: center;\">quem mandou cora\u00e7\u00e3o<\/div>\n<div style=\"text-align: center;\">o mair castigo que eu te dou<\/div>\n<div style=\"text-align: center;\">eu sei sofrer<\/div>\n<div style=\"text-align: center;\">fez bobagem<\/div>\n<div style=\"text-align: center;\">qual o qu\u00ea<\/div>\n<div style=\"text-align: center;\"><\/div>\n<div style=\"text-align: center;\">.<\/div>\n","protected":false},"excerpt":{"rendered":"<p>Ol\u00e1 amigos cultos e ocultos! 2014 come\u00e7ou bem&#8230; bem quente! P\u00f4&#8230; que calor fdp! Me tirou at\u00e9 o pouco \u00e2nimo que tenho tido para fazer as postagens. Mas com a ajuda do ventilador e uma jarra de \u00e1gua gelada, tudo &hellip; <a href=\"https:\/\/www.toque-musicall.com\/?p=3763\">Continue lendo <span class=\"meta-nav\">&rarr;<\/span><\/a><\/p>\n","protected":false},"author":1,"featured_media":0,"comment_status":"open","ping_status":"closed","sticky":false,"template":"","format":"standard","meta":{"footnotes":""},"categories":[534,277],"tags":[],"class_list":["post-3763","post","type-post","status-publish","format-standard","hentry","category-aracy-de-almeida","category-selo-rca-camden"],"_links":{"self":[{"href":"https:\/\/www.toque-musicall.com\/index.php?rest_route=\/wp\/v2\/posts\/3763","targetHints":{"allow":["GET"]}}],"collection":[{"href":"https:\/\/www.toque-musicall.com\/index.php?rest_route=\/wp\/v2\/posts"}],"about":[{"href":"https:\/\/www.toque-musicall.com\/index.php?rest_route=\/wp\/v2\/types\/post"}],"author":[{"embeddable":true,"href":"https:\/\/www.toque-musicall.com\/index.php?rest_route=\/wp\/v2\/users\/1"}],"replies":[{"embeddable":true,"href":"https:\/\/www.toque-musicall.com\/index.php?rest_route=%2Fwp%2Fv2%2Fcomments&post=3763"}],"version-history":[{"count":1,"href":"https:\/\/www.toque-musicall.com\/index.php?rest_route=\/wp\/v2\/posts\/3763\/revisions"}],"predecessor-version":[{"id":3766,"href":"https:\/\/www.toque-musicall.com\/index.php?rest_route=\/wp\/v2\/posts\/3763\/revisions\/3766"}],"wp:attachment":[{"href":"https:\/\/www.toque-musicall.com\/index.php?rest_route=%2Fwp%2Fv2%2Fmedia&parent=3763"}],"wp:term":[{"taxonomy":"category","embeddable":true,"href":"https:\/\/www.toque-musicall.com\/index.php?rest_route=%2Fwp%2Fv2%2Fcategories&post=3763"},{"taxonomy":"post_tag","embeddable":true,"href":"https:\/\/www.toque-musicall.com\/index.php?rest_route=%2Fwp%2Fv2%2Ftags&post=3763"}],"curies":[{"name":"wp","href":"https:\/\/api.w.org\/{rel}","templated":true}]}}