{"id":377,"date":"2011-08-11T11:48:00","date_gmt":"2011-08-11T11:48:00","guid":{"rendered":"http:\/\/www.toque-musicall.com\/?p=377"},"modified":"2011-08-11T11:48:00","modified_gmt":"2011-08-11T11:48:00","slug":"antenogenes-silva-valsas-e-saudades-1955","status":"publish","type":"post","link":"https:\/\/www.toque-musicall.com\/?p=377","title":{"rendered":"Anten\u00f3genes Silva &#8211; Valsas E Saudades (1955)"},"content":{"rendered":"<div style=\"clear: both; text-align: center;\"><a href=\"http:\/\/1.bp.blogspot.com\/-HDw-sVGjXwM\/TkOt0WKkpGI\/AAAAAAAAIPE\/PbZiTA07i-4\/s1600\/anten%25C3%25B3genes+P.JPG\" style=\"margin-left: 1em; margin-right: 1em;\"><img loading=\"lazy\" decoding=\"async\" border=\"0\" height=\"400\" src=\"http:\/\/1.bp.blogspot.com\/-HDw-sVGjXwM\/TkOt0WKkpGI\/AAAAAAAAIPE\/PbZiTA07i-4\/s400\/anten%25C3%25B3genes+P.JPG\" width=\"398\" \/><\/a><\/div>\n<p>Bom dia! Vamos logo liberando a postagem, mas com aten\u00e7\u00e3o para n\u00e3o fazer como ontem. A pressa continua&#8230;<br \/>Hoje n\u00f3s iremos relembrar Anten\u00f3genes Silva, um dos maiores acordeonistas brasileiros. Considerado, no auge de sua \u00e9poca, o melhor acordeonista de oito baixos do mundo. Mineiro, de Uberaba, come\u00e7ou cedo sua trajet\u00f3ria musical. Gravou seu primeiro disco ainda na d\u00e9cada de 20! Trabalhou inicialmente em S\u00e3o Paulo, na R\u00e1dio Educadora Paulista. Por\u00e9m, sua carreira deslanchou a partir da sua transfer\u00eancia para o Rio de Janeiro, onde trabalhou com os mais diversos artistas. Foi aluno do Maestro Guerra Peixe com quem aprendeu harmonia e orquestra\u00e7\u00e3o. Foi tamb\u00e9m professor, inclusive de Luiz Gonzaga. Chegou a ter no Rio de Janeiro uma escola onde ensinava m\u00fasica e a arte de seu instrumento. Ao longo de sua carreira comp\u00f4s muitas m\u00fasicas e tamb\u00e9m gravou muito, principalmente acompanhado outros artistas. Muitos deles, como Gilberto Alves, Dil\u00fa Melo, Jamel\u00e3o, entre outros, tiveram suas carreiras impulsionadas por Anten\u00f3genes. Ele tamb\u00e9m acompanhou e gravou com artistas internacionais como Carlos Gardel, Libertad Lamarque, Lucienne Boyer e por a\u00ed a fora&#8230; Gravou tamb\u00e9m na Europa. Na Alemanha ganhou o primeiro lugar no concurso promovido pela f\u00e1brica Honner. Era chamado de o &#8216;Mago do Acordeon&#8217;. Atuou at\u00e9 \u00e0 d\u00e9cada de 60. Sua composi\u00e7\u00e3o mais conhecida (pelo menos para mim) \u00e9 a valsa &#8220;Saudades de Ouro Preto&#8221;. Mas h\u00e1 tamb\u00e9m outras de suas saudades bem conhecidas \ud83d\ude42<br \/>Neste \u00e1lbum, um lp de 10 polegadas, lan\u00e7ado em 1955 pela Odeon, encontramos oito temas do seu repert\u00f3rio. S\u00e3o valsas e choros, o &#8216;choro mineiro&#8217;, quase todas as faixas de sua autoria.<br \/>N\u00e3o deixem de conferir mais esse raro exemplar \ud83d\ude09<\/p>\n<div style=\"text-align: center;\">saudades de ouro preto<\/div>\n<div style=\"text-align: center;\">pisando cora\u00e7\u00f5es<\/div>\n<div style=\"text-align: center;\">rapaziada do braz<\/div>\n<div style=\"text-align: center;\">uma grande dor n\u00e3o se esquece<\/div>\n<div style=\"text-align: center;\">saudade de iguap\u00e9<\/div>\n<div style=\"text-align: center;\">serenata em ribeir\u00e3o preto<\/div>\n<div style=\"text-align: center;\">dirce<\/div>\n<div style=\"text-align: center;\">saudade dos teus beijos<\/div>\n","protected":false},"excerpt":{"rendered":"<p>Bom dia! Vamos logo liberando a postagem, mas com aten\u00e7\u00e3o para n\u00e3o fazer como ontem. A pressa continua&#8230;Hoje n\u00f3s iremos relembrar Anten\u00f3genes Silva, um dos maiores acordeonistas brasileiros. Considerado, no auge de sua \u00e9poca, o melhor acordeonista de oito baixos &hellip; <a href=\"https:\/\/www.toque-musicall.com\/?p=377\">Continue lendo <span class=\"meta-nav\">&rarr;<\/span><\/a><\/p>\n","protected":false},"author":1,"featured_media":0,"comment_status":"open","ping_status":"closed","sticky":false,"template":"","format":"standard","meta":{"footnotes":""},"categories":[73,86],"tags":[],"class_list":["post-377","post","type-post","status-publish","format-standard","hentry","category-antenogenes-silva","category-selo-odeon"],"_links":{"self":[{"href":"https:\/\/www.toque-musicall.com\/index.php?rest_route=\/wp\/v2\/posts\/377","targetHints":{"allow":["GET"]}}],"collection":[{"href":"https:\/\/www.toque-musicall.com\/index.php?rest_route=\/wp\/v2\/posts"}],"about":[{"href":"https:\/\/www.toque-musicall.com\/index.php?rest_route=\/wp\/v2\/types\/post"}],"author":[{"embeddable":true,"href":"https:\/\/www.toque-musicall.com\/index.php?rest_route=\/wp\/v2\/users\/1"}],"replies":[{"embeddable":true,"href":"https:\/\/www.toque-musicall.com\/index.php?rest_route=%2Fwp%2Fv2%2Fcomments&post=377"}],"version-history":[{"count":0,"href":"https:\/\/www.toque-musicall.com\/index.php?rest_route=\/wp\/v2\/posts\/377\/revisions"}],"wp:attachment":[{"href":"https:\/\/www.toque-musicall.com\/index.php?rest_route=%2Fwp%2Fv2%2Fmedia&parent=377"}],"wp:term":[{"taxonomy":"category","embeddable":true,"href":"https:\/\/www.toque-musicall.com\/index.php?rest_route=%2Fwp%2Fv2%2Fcategories&post=377"},{"taxonomy":"post_tag","embeddable":true,"href":"https:\/\/www.toque-musicall.com\/index.php?rest_route=%2Fwp%2Fv2%2Ftags&post=377"}],"curies":[{"name":"wp","href":"https:\/\/api.w.org\/{rel}","templated":true}]}}