{"id":3777,"date":"2014-01-12T11:04:33","date_gmt":"2014-01-12T13:04:33","guid":{"rendered":"http:\/\/www.toque-musicall.com\/?p=3777"},"modified":"2014-01-12T11:05:54","modified_gmt":"2014-01-12T13:05:54","slug":"djalma-dias-destaque-1973","status":"publish","type":"post","link":"https:\/\/www.toque-musicall.com\/?p=3777","title":{"rendered":"Djalma Dias &#8211; Destaque (1973)"},"content":{"rendered":"<p><img loading=\"lazy\" decoding=\"async\" class=\"aligncenter\" alt=\"\" src=\"http:\/\/2.bp.blogspot.com\/-DitLbp-luTw\/UtKRGBNmJcI\/AAAAAAAAIQM\/2JlvqPQ2taU\/s1600\/folder.jpg\" width=\"1000\" height=\"1000\" \/><img loading=\"lazy\" decoding=\"async\" class=\"aligncenter\" alt=\"\" src=\"http:\/\/3.bp.blogspot.com\/-Pfn0ZrNkcik\/UtKQ_Oe05iI\/AAAAAAAAIQE\/6PK1tGgG0kg\/s1600\/contrap.JPG\" width=\"1000\" height=\"980\" \/><\/p>\n<p>Muito bom dia, amigos cultos e ocultos! Nunca tive muito interesse no YouTube, que fosse al\u00e9m do de espectador, para ver v\u00eddeos e ouvir m\u00fasica. Foi justamente pensando no ouvir que de uns tempos pra c\u00e1 eu passei a flertar com essa telinha digital. Ainda estou nos primeiros passos, mas acho que logo vou incrementar minha conta por l\u00e1 com alguns v\u00eddeozinhos de m\u00fasica. Quem sabe at\u00e9 eu crie alguns clips mais elaborados. Acho que mais essa dobradinha pode dar p\u00e9 \ud83d\ude09 Precisamos divulgar mais esse Toque Musical, afinal, de ocultos aqui j\u00e1 bastam voc\u00eas, n\u00e3o \u00e9 mesmo?<br \/>\nHoje eu estou trazendo o \u00e1lbum &#8220;Destaque&#8221;, do cantor Djalma Dias. Eu j\u00e1 havia postado aqui, anteriormente, outros dois discos onde o cantor e sambista \u00e9 tamb\u00e9m destaque. Aproveito at\u00e9 para replicar o que j\u00e1 havia escrito.\u00a0Djalma foi cantor de boate, int\u00e9rprete vitorioso em festivais e de trilhas de novelas da Rede Globo. Gravou diversos sucessos, entre os mais famosos temos \u201cCapit\u00e3o de Ind\u00fastria\u201d, de Marcos e Paulo S\u00e9rgio Valle para a novela \u201cSelva de Pedra\u201d. Ali\u00e1s, \u00e9 bom dizer, Djalma gravou diversas m\u00fasicas dos irm\u00e3os Valle. Isso muito se deve ao fato de que Marcos Valle tinha contrato com a Som Livre, era um dos principais compositores para os programas da Globo e Djalma Dias era tamb\u00e9m contratado, principalmente como cantor e atuando em coros de trilhas e especiais da emissora. Ele gravou v\u00e1rios discos, os quais ainda hoje s\u00e3o dif\u00edceis de ver (e ouvir) na blogosfera.<br \/>\nEm &#8220;Destaque&#8221;, vamos encontrar um repert\u00f3rio muito bom, amarrado por m\u00fasicas de qualidade de compositores como Adoniran Barbosa, Antonio Adolfo, Djavan, Johnny Alf, Antonio Carlos &amp; Jocafi, Marcos e Paulo Sergio Valle e outros mais&#8230; Este disco foi produzido por Est\u00e1quio Sena, com arranjos de Waltel Blanc<a href=\"http:\/\/depositfiles.org\/files\/k0unpseww\">o<\/a>.<\/p>\n<div style=\"text-align: center;\">saudades de l\u00e1<\/div>\n<div style=\"text-align: center;\">menino levado<\/div>\n<div style=\"text-align: center;\">dono de casa, boa noite<\/div>\n<div style=\"text-align: center;\">as mo\u00e7as<\/div>\n<div style=\"text-align: center;\">s\u00f3 l\u00e1grimas<\/div>\n<div style=\"text-align: center;\">num arredo p\u00e9<\/div>\n<div style=\"text-align: center;\">tocar na banda<\/div>\n<div style=\"text-align: center;\">o galo cantou<\/div>\n<div style=\"text-align: center;\">marina, marina<\/div>\n<div style=\"text-align: center;\">de ontem pra hoje<\/div>\n<div style=\"text-align: center;\">desgruda<\/div>\n<div style=\"text-align: center;\">minha serenata<\/div>\n<div style=\"text-align: center;\"><\/div>\n<div style=\"text-align: center;\">.<\/div>\n","protected":false},"excerpt":{"rendered":"<p>Muito bom dia, amigos cultos e ocultos! Nunca tive muito interesse no YouTube, que fosse al\u00e9m do de espectador, para ver v\u00eddeos e ouvir m\u00fasica. Foi justamente pensando no ouvir que de uns tempos pra c\u00e1 eu passei a flertar &hellip; <a href=\"https:\/\/www.toque-musicall.com\/?p=3777\">Continue lendo <span class=\"meta-nav\">&rarr;<\/span><\/a><\/p>\n","protected":false},"author":1,"featured_media":0,"comment_status":"open","ping_status":"closed","sticky":false,"template":"","format":"standard","meta":{"footnotes":""},"categories":[936,66],"tags":[],"class_list":["post-3777","post","type-post","status-publish","format-standard","hentry","category-djalma-dias","category-selo-som-livre"],"_links":{"self":[{"href":"https:\/\/www.toque-musicall.com\/index.php?rest_route=\/wp\/v2\/posts\/3777","targetHints":{"allow":["GET"]}}],"collection":[{"href":"https:\/\/www.toque-musicall.com\/index.php?rest_route=\/wp\/v2\/posts"}],"about":[{"href":"https:\/\/www.toque-musicall.com\/index.php?rest_route=\/wp\/v2\/types\/post"}],"author":[{"embeddable":true,"href":"https:\/\/www.toque-musicall.com\/index.php?rest_route=\/wp\/v2\/users\/1"}],"replies":[{"embeddable":true,"href":"https:\/\/www.toque-musicall.com\/index.php?rest_route=%2Fwp%2Fv2%2Fcomments&post=3777"}],"version-history":[{"count":2,"href":"https:\/\/www.toque-musicall.com\/index.php?rest_route=\/wp\/v2\/posts\/3777\/revisions"}],"predecessor-version":[{"id":3780,"href":"https:\/\/www.toque-musicall.com\/index.php?rest_route=\/wp\/v2\/posts\/3777\/revisions\/3780"}],"wp:attachment":[{"href":"https:\/\/www.toque-musicall.com\/index.php?rest_route=%2Fwp%2Fv2%2Fmedia&parent=3777"}],"wp:term":[{"taxonomy":"category","embeddable":true,"href":"https:\/\/www.toque-musicall.com\/index.php?rest_route=%2Fwp%2Fv2%2Fcategories&post=3777"},{"taxonomy":"post_tag","embeddable":true,"href":"https:\/\/www.toque-musicall.com\/index.php?rest_route=%2Fwp%2Fv2%2Ftags&post=3777"}],"curies":[{"name":"wp","href":"https:\/\/api.w.org\/{rel}","templated":true}]}}