{"id":378,"date":"2011-08-10T23:12:00","date_gmt":"2011-08-10T23:12:00","guid":{"rendered":"http:\/\/www.toque-musicall.com\/?p=378"},"modified":"2011-08-10T23:12:00","modified_gmt":"2011-08-10T23:12:00","slug":"rodger-e-teti-do-pessoal-do-ceara-chao-sagrado-1975","status":"publish","type":"post","link":"https:\/\/www.toque-musicall.com\/?p=378","title":{"rendered":"Rodger e Teti, Do Pessoal Do Cear\u00e1 &#8211; Ch\u00e3o Sagrado (1975)"},"content":{"rendered":"<div style=\"clear: both; text-align: center;\"><a href=\"http:\/\/2.bp.blogspot.com\/-xpdhyc-3TF0\/TkMPWhh1JfI\/AAAAAAAAIPA\/g24EWA0F1p0\/s1600\/rodger+e+teti+P.JPG\" style=\"margin-left: 1em; margin-right: 1em;\"><img loading=\"lazy\" decoding=\"async\" border=\"0\" height=\"400\" src=\"http:\/\/2.bp.blogspot.com\/-xpdhyc-3TF0\/TkMPWhh1JfI\/AAAAAAAAIPA\/g24EWA0F1p0\/s400\/rodger+e+teti+P.JPG\" width=\"398\" \/><\/a><\/div>\n<p>Boa noite, amigos cultos e ocultos. Eu, realmente n\u00e3o aprendo. Por conta da pressa acabo sempre escrevendo a postagem diretamente na p\u00e1gina de edi\u00e7\u00e3o e nem sempre tenho tempo de reler de imediato o que escrevi. Da\u00ed, \u00a0vem os erros (de toda esp\u00e9cie). Me falta mais aten\u00e7\u00e3o, eu sei. Tento mudar, mas acabo fazendo como agora, aproveitando a folguinha.<br \/>Hoje, pela manh\u00e3, havia feito a postagem, trazendo o disco da dupla Rodger e Teti, mas devido \u00e0 alguns erros, muito bem apontados pelo amigo Geraldo Barbosa, procurei de imediato fazer as corre\u00e7\u00f5es. Acontece que eu estava longe da &#8216;base&#8217; e tive que recorrer a um computadorzinho muito capenga. Por descuido, acabei deletando todo o texto da postagem.<br \/>Mesmo assim, me lembro que iniciei comentando que estava admirado por ter encontrado este disco que eu n\u00e3o ouvia h\u00e1 mais de 20 anos e da \u00a0surpresa ao perceber que logo ap\u00f3s ter digitalizado e dado &#8216;um trato&#8217; no lp, percebi que ele j\u00e1 estava rolando nas fontes da blogsfera musical n\u00e3o era de hoje.<br \/>Estou vendo aqui agora que felizmente tenho uma c\u00f3pia da postagem de hoje cedo. Pensei que tivesse perdido, mas veio uma c\u00f3pia para o meu e-mail, assim como deve ter ido uma para todos que s\u00e3o seguidores do Toque Musical. Vamos a ela, com as devidas corre\u00e7\u00f5es, evidentemente&#8230;<br \/><span style=\"border-collapse: collapse; color: #cccccc; font-family: arial, sans-serif;\"><i><span style=\"font-family: Arial;\">Ent\u00e3o, temos aqui o casal Rodger e Teti, dupla que tamb\u00e9m fez parte daquele &#8216;Pessoal do Cear\u00e1&#8217;, um grupo de artistas que no in\u00edcio dos anos 70 veio para S\u00e3o Paulo e Rio tentar a sorte, mostrando sua m\u00fasica. Os primeiros a chegarem foi Belchior e Fagner. Depois veio o Ednardo e no v\u00e1cuo vieram tamb\u00e9m Rodger e Teti. Todos os cinco e mais um n\u00famero de outros artistas e intelectuais, que nem me lembrava o nome (<\/span><span style=\"font-family: Georgia;\">Petr\u00facio Salvino Mesquita Maia, Iracema Melo, Olga Paiva, Nonato Freire, Renato Serra, Wilson Cirino, Cl\u00e1udio Roberto de Abreu Pereira, Francisco Augusto Pontes, Sergio Costa, M\u00e9rcia Pinto, \u00c2ngela e Chica, Antonio Jos\u00e9 Soares Brand\u00e3o, Delberg Ponce de Leon, Fausto Nilo Costa Jr., Jo\u00e3o Braga de Lima, Aderbal Freire Filho &#8211; ent\u00e3o assinando &#8220;Aderbal Jr.&#8221;, Jo\u00e3o Ramos, Augusto Borges, Neyde Maia, Ded\u00e9 Evangelista, Gonzaga Vasconcelos, Paulo e Narc\u00e9lio Lima Verde, Wilson Ibiapina, Mauro Coutinho, Audifax Rios, Polion Lemos, Am\u00e9lia Colares e Ricardo Bezerra)<\/span><span style=\"font-family: Arial;\">, faziam parte do coletivo &#8220;Pessoal do Cear\u00e1&#8221;, que foi uma esp\u00e9cie de movimento cultural da regi\u00e3o.\u00a0<\/span><\/i><\/span><span style=\"border-collapse: collapse; color: #cccccc;\"><i><span style=\"font-family: Arial;\">Ap\u00f3s o Ednardo lan\u00e7ar pela RCA o seu &#8220;Pav\u00e3o Misterioso&#8221;, considerado um dos melhores discos de 1974, a gravadora resolveu investir tamb\u00e9m em Rodger Rog\u00e9rio e sua companheira, a Teti. Da\u00ed nasceu &#8220;Ch\u00e3o Sagrado&#8221;, um disco com a mesma qualidade dos demais artistas cearenses que despontavam naquele momento. Com dire\u00e7\u00e3o art\u00edstica de M\u00e1rio Zan, arranjos e reg\u00eancias do maestro Hareton Salvanini, participa\u00e7\u00f5es como a de Manass\u00e9s, a dupla nos traz doze composi\u00e7\u00f5es, entre m\u00fasicas pr\u00f3prias, parcerias e duas outras, &#8220;Si\u00e1 Mariquiha&#8221;, de Luiz Assun\u00e7\u00e3o e Evanor Pontes e &#8220;Risada do Diabo\u201d, de Petr\u00facio Maia<\/span><\/i><\/span><br \/><span style=\"border-collapse: collapse;\">  <span style=\"font-family: Arial;\"><span style=\"color: #cccccc;\"><i>Se alguns de voc\u00eas est\u00e3o como eu, perdidos num \u2018tsunami\u2019 de discos e ainda (tamb\u00e9m n\u00e3o haviam notado este lp \u2018dando sopa\u2019 na blogsfera, n\u00e3o deixem essa onda passar \ud83d\ude09<\/i><\/span><\/span> <\/span><br \/><span style=\"color: #cccccc; font-family: Arial;\"><span style=\"border-collapse: collapse;\"><i><br \/><\/i><\/span><\/span><\/p>\n<div style=\"text-align: center;\"><span style=\"color: #cccccc; font-family: Arial;\"><span style=\"border-collapse: collapse;\"><i>bye bye bai\u00e3o<\/i><\/span><\/span><\/div>\n<div style=\"text-align: center;\"><span style=\"color: #cccccc; font-family: Arial;\"><span style=\"border-collapse: collapse;\"><i>ch\u00e3o sagrado<\/i><\/span><\/span><\/div>\n<div style=\"text-align: center;\"><span style=\"color: #cccccc; font-family: Arial;\"><span style=\"border-collapse: collapse;\"><i>risada do diabo<\/i><\/span><\/span><\/div>\n<div style=\"text-align: center;\"><span style=\"color: #cccccc; font-family: Arial;\"><span style=\"border-collapse: collapse;\"><i>beco da noite<\/i><\/span><\/span><\/div>\n<div style=\"text-align: center;\"><span style=\"color: #cccccc; font-family: Arial;\"><span style=\"border-collapse: collapse;\"><i>rodovi\u00e1ria<\/i><\/span><\/span><\/div>\n<div style=\"text-align: center;\"><span style=\"color: #cccccc; font-family: Arial;\"><span style=\"border-collapse: collapse;\"><i>fino fio<\/i><\/span><\/span><\/div>\n<div style=\"text-align: center;\"><span style=\"color: #cccccc; font-family: Arial;\"><span style=\"border-collapse: collapse;\"><i>fox-lore<\/i><\/span><\/span><\/div>\n<div style=\"text-align: center;\"><span style=\"color: #cccccc; font-family: Arial;\"><span style=\"border-collapse: collapse;\"><i>si\u00e1 mariquinha<\/i><\/span><\/span><\/div>\n<div style=\"text-align: center;\"><span style=\"color: #cccccc; font-family: Arial;\"><span style=\"border-collapse: collapse;\"><i>coroa\u00e7\u00e3o<\/i><\/span><\/span><\/div>\n<div style=\"text-align: center;\"><span style=\"color: #cccccc; font-family: Arial;\"><span style=\"border-collapse: collapse;\"><i>retrato marron<\/i><\/span><\/span><\/div>\n<div style=\"text-align: center;\"><span style=\"color: #cccccc; font-family: Arial;\"><span style=\"border-collapse: collapse;\"><i>o lago<\/i><\/span><\/span><\/div>\n<div style=\"text-align: center;\"><span style=\"color: #cccccc; font-family: Arial;\"><span style=\"border-collapse: collapse;\"><i>am\u00e1lia<\/i><\/span><\/span><\/div>\n<p><span style=\"color: #cccccc; font-family: Arial;\"><span style=\"border-collapse: collapse;\"><i><br \/><\/i><\/span><\/span><br \/><span style=\"color: #cccccc; font-family: Arial;\"><span style=\"border-collapse: collapse;\"><i><br \/><\/i><\/span><\/span><\/p>\n","protected":false},"excerpt":{"rendered":"<p>Boa noite, amigos cultos e ocultos. Eu, realmente n\u00e3o aprendo. Por conta da pressa acabo sempre escrevendo a postagem diretamente na p\u00e1gina de edi\u00e7\u00e3o e nem sempre tenho tempo de reler de imediato o que escrevi. Da\u00ed, \u00a0vem os erros &hellip; <a href=\"https:\/\/www.toque-musicall.com\/?p=378\">Continue lendo <span class=\"meta-nav\">&rarr;<\/span><\/a><\/p>\n","protected":false},"author":1,"featured_media":0,"comment_status":"open","ping_status":"closed","sticky":false,"template":"","format":"standard","meta":{"footnotes":""},"categories":[614,615],"tags":[],"class_list":["post-378","post","type-post","status-publish","format-standard","hentry","category-rodger-e-teti","category-selo-rca-vik"],"_links":{"self":[{"href":"https:\/\/www.toque-musicall.com\/index.php?rest_route=\/wp\/v2\/posts\/378","targetHints":{"allow":["GET"]}}],"collection":[{"href":"https:\/\/www.toque-musicall.com\/index.php?rest_route=\/wp\/v2\/posts"}],"about":[{"href":"https:\/\/www.toque-musicall.com\/index.php?rest_route=\/wp\/v2\/types\/post"}],"author":[{"embeddable":true,"href":"https:\/\/www.toque-musicall.com\/index.php?rest_route=\/wp\/v2\/users\/1"}],"replies":[{"embeddable":true,"href":"https:\/\/www.toque-musicall.com\/index.php?rest_route=%2Fwp%2Fv2%2Fcomments&post=378"}],"version-history":[{"count":0,"href":"https:\/\/www.toque-musicall.com\/index.php?rest_route=\/wp\/v2\/posts\/378\/revisions"}],"wp:attachment":[{"href":"https:\/\/www.toque-musicall.com\/index.php?rest_route=%2Fwp%2Fv2%2Fmedia&parent=378"}],"wp:term":[{"taxonomy":"category","embeddable":true,"href":"https:\/\/www.toque-musicall.com\/index.php?rest_route=%2Fwp%2Fv2%2Fcategories&post=378"},{"taxonomy":"post_tag","embeddable":true,"href":"https:\/\/www.toque-musicall.com\/index.php?rest_route=%2Fwp%2Fv2%2Ftags&post=378"}],"curies":[{"name":"wp","href":"https:\/\/api.w.org\/{rel}","templated":true}]}}