{"id":38,"date":"2012-06-09T22:54:00","date_gmt":"2012-06-09T22:54:00","guid":{"rendered":"http:\/\/www.toque-musicall.com\/?p=38"},"modified":"2012-11-09T14:01:51","modified_gmt":"2012-11-09T14:01:51","slug":"gilvan-de-oliveira-vinncius-nas-cordas-de-gilvan-1990","status":"publish","type":"post","link":"https:\/\/www.toque-musicall.com\/?p=38","title":{"rendered":"Gilvan de Oliveira &#8211; Vin\u00edcius Nas Cordas De Gilvan (1990)"},"content":{"rendered":"<div style=\"clear: both; text-align: center;\"><a style=\"margin-left: 1em; margin-right: 1em;\" href=\"http:\/\/1.bp.blogspot.com\/-TP965nrmWeY\/T9PJEVjWzMI\/AAAAAAAACsk\/7ox6-gnIg68\/s1600\/gilvan+P.JPG\"><img loading=\"lazy\" decoding=\"async\" src=\"http:\/\/1.bp.blogspot.com\/-TP965nrmWeY\/T9PJEVjWzMI\/AAAAAAAACsk\/7ox6-gnIg68\/s400\/gilvan+P.JPG\" alt=\"\" width=\"400\" height=\"397\" border=\"0\" \/><\/a><\/div>\n<div style=\"clear: both; text-align: center;\"><a style=\"margin-left: 1em; margin-right: 1em;\" href=\"http:\/\/1.bp.blogspot.com\/-EVvqcrwsPEo\/T9PI-rqW8jI\/AAAAAAAACsc\/WbqKpFWi5lY\/s1600\/gilvan+bp.JPG\"><img loading=\"lazy\" decoding=\"async\" src=\"http:\/\/1.bp.blogspot.com\/-EVvqcrwsPEo\/T9PI-rqW8jI\/AAAAAAAACsc\/WbqKpFWi5lY\/s400\/gilvan+bp.JPG\" alt=\"\" width=\"393\" height=\"400\" border=\"0\" \/><\/a><\/div>\n<p>Ol\u00e1 amigos! Hoje \u00e9 dia de artista\/disco independente. Por\u00e9m o disco que eu apresento n\u00e3o \u00e9 exatamente algo assim, independente. Lan\u00e7ado em 1991 pela <a href=\"http:\/\/novotoquemusical.blogspot.com.br\/2011\/09\/catalogo-karmim-10-anos-2000.html\" target=\"_blank\">Karmim<\/a>, uma produtora e editora mineira, este foi o segundo trabalho solo do violonista mineiro Gilvan de Oliveira. Neste \u00e1lbum, como se pode ver logo pelo t\u00edtulo, o instrumentista interpreta doze m\u00fasicas de Vin\u00edcius de Moraes e seus parceiros. Um bel\u00edssimo disco que mereceu a aten\u00e7\u00e3o e aplausos da cr\u00edtica especializada. Eu tamb\u00e9m gostei! \ud83d\ude42 Querem conferir?<\/p>\n<div style=\"text-align: center;\">berimbau<\/div>\n<div style=\"text-align: center;\">eu sei que vou te amar<\/div>\n<div style=\"text-align: center;\">insensatez<\/div>\n<div style=\"text-align: center;\">lamento<\/div>\n<div style=\"text-align: center;\">valsa de eur\u00eddice<\/div>\n<div style=\"text-align: center;\">garota de ipanema<\/div>\n<div style=\"text-align: center;\">arrast\u00e3o<\/div>\n<div style=\"text-align: center;\">minha namorada<\/div>\n<div style=\"text-align: center;\">tarde em itapo\u00e3<\/div>\n<div style=\"text-align: center;\">valsinha<\/div>\n<div style=\"text-align: center;\">regra tr\u00eas<\/div>\n<div style=\"text-align: center;\">lamento<\/div>\n","protected":false},"excerpt":{"rendered":"<p>Ol\u00e1 amigos! Hoje \u00e9 dia de artista\/disco independente. Por\u00e9m o disco que eu apresento n\u00e3o \u00e9 exatamente algo assim, independente. Lan\u00e7ado em 1991 pela Karmim, uma produtora e editora mineira, este foi o segundo trabalho solo do violonista mineiro Gilvan &hellip; <a href=\"https:\/\/www.toque-musicall.com\/?p=38\">Continue lendo <span class=\"meta-nav\">&rarr;<\/span><\/a><\/p>\n","protected":false},"author":1,"featured_media":0,"comment_status":"open","ping_status":"closed","sticky":false,"template":"","format":"standard","meta":{"footnotes":""},"categories":[33,34],"tags":[],"class_list":["post-38","post","type-post","status-publish","format-standard","hentry","category-gilvan-de-oliveira","category-selo-karmim"],"_links":{"self":[{"href":"https:\/\/www.toque-musicall.com\/index.php?rest_route=\/wp\/v2\/posts\/38","targetHints":{"allow":["GET"]}}],"collection":[{"href":"https:\/\/www.toque-musicall.com\/index.php?rest_route=\/wp\/v2\/posts"}],"about":[{"href":"https:\/\/www.toque-musicall.com\/index.php?rest_route=\/wp\/v2\/types\/post"}],"author":[{"embeddable":true,"href":"https:\/\/www.toque-musicall.com\/index.php?rest_route=\/wp\/v2\/users\/1"}],"replies":[{"embeddable":true,"href":"https:\/\/www.toque-musicall.com\/index.php?rest_route=%2Fwp%2Fv2%2Fcomments&post=38"}],"version-history":[{"count":2,"href":"https:\/\/www.toque-musicall.com\/index.php?rest_route=\/wp\/v2\/posts\/38\/revisions"}],"predecessor-version":[{"id":2665,"href":"https:\/\/www.toque-musicall.com\/index.php?rest_route=\/wp\/v2\/posts\/38\/revisions\/2665"}],"wp:attachment":[{"href":"https:\/\/www.toque-musicall.com\/index.php?rest_route=%2Fwp%2Fv2%2Fmedia&parent=38"}],"wp:term":[{"taxonomy":"category","embeddable":true,"href":"https:\/\/www.toque-musicall.com\/index.php?rest_route=%2Fwp%2Fv2%2Fcategories&post=38"},{"taxonomy":"post_tag","embeddable":true,"href":"https:\/\/www.toque-musicall.com\/index.php?rest_route=%2Fwp%2Fv2%2Ftags&post=38"}],"curies":[{"name":"wp","href":"https:\/\/api.w.org\/{rel}","templated":true}]}}