{"id":380,"date":"2011-08-09T11:42:00","date_gmt":"2011-08-09T11:42:00","guid":{"rendered":"http:\/\/www.toque-musicall.com\/?p=380"},"modified":"2011-08-09T11:42:00","modified_gmt":"2011-08-09T11:42:00","slug":"madrigal-renascentista-1959","status":"publish","type":"post","link":"https:\/\/www.toque-musicall.com\/?p=380","title":{"rendered":"Madrigal Renascentista (1959)"},"content":{"rendered":"<div style=\"clear: both; text-align: center;\"><a href=\"http:\/\/2.bp.blogspot.com\/-v_GqnD2ogJk\/TkEKWNWrDWI\/AAAAAAAAIO4\/pvkPwjmmzKg\/s1600\/madrigal+P.JPG\" style=\"margin-left: 1em; margin-right: 1em;\"><img loading=\"lazy\" decoding=\"async\" border=\"0\" height=\"400\" src=\"http:\/\/2.bp.blogspot.com\/-v_GqnD2ogJk\/TkEKWNWrDWI\/AAAAAAAAIO4\/pvkPwjmmzKg\/s400\/madrigal+P.JPG\" width=\"395\" \/><\/a><\/div>\n<p>Bom dia a todos! Inicialmente eu quero avisar aos amigos cultos e ocultos, que solicitaram reativa\u00e7\u00e3o de &#8216;toques&#8217; antigos, para que aguardem com paci\u00eancia, pois alguns arquivos eu estou refazendo e incluindo, em alguns casos, os complementos como contracapa, encartes e selos, que n\u00e3o constavam na primeira edi\u00e7\u00e3o. Sei que as vezes demora. Me falta tempo e al\u00e9m do mais s\u00e3o muitos. Paci\u00eancia&#8230;<br \/>Seguimos hoje, na &#8216;ter\u00e7a cl\u00e1ssica&#8217;, com o Coral Madrigal Renascentista, em seu segundo \u00e1lbum, lan\u00e7ado pela Chantecler em 1959, ainda sob a reg\u00eancia do Maestro Isaac Karabtchevsky e a contralto Maria L\u00facia Godoy. Temos neste lp, que creio eu, nunca mais chegou a ser relan\u00e7ado, um repert\u00f3rio misto, bem variado, contemplando m\u00fasicas renascentistas espanholas, inglesas, francesas e italianas; m\u00fasicas do folclore portugu\u00eas, israelita, americano, brasileiro e at\u00e9 Villa-Lobos.<br \/>O coral Madrigal Renascentista, reconhecidamente um dos mais importantes grupo brasileiro, continua sempre ativo. Atualmente, como nos conta o pr\u00f3prio <a href=\"http:\/\/www.madrigal.org.br\/\">site do coral<\/a>, eles \u00a0mant\u00e9m uma parceria com duas grandes institui\u00e7\u00f5es no Estado, o Instituto Inhotim e o SesiMinas, al\u00e9m do apoio de leis culturais.<\/p>\n<div style=\"text-align: center;\">ave maria &#8211; renascen\u00e7a espanhola<\/div>\n<div style=\"text-align: center;\">mas vale trocar &#8211; renascen\u00e7a espanhola<\/div>\n<div style=\"text-align: center;\">my bonny lass &#8211; renascen\u00e7a inglesa<\/div>\n<div style=\"text-align: center;\">riu, riu chiu &#8211; an\u00f4nimo do cancioneiro de upsala<\/div>\n<div style=\"text-align: center;\">il est bel et bon &#8211; renascen\u00e7a francesa<\/div>\n<div style=\"text-align: center;\">laila, laila &#8211; folclore israelita<\/div>\n<div style=\"text-align: center;\">can\u00e7\u00e3o da vindima &#8211; folclore portugu\u00eas<\/div>\n<div style=\"text-align: center;\">sinh\u00e1 mo\u00e7a massurinha &#8211; folclore brasileiro<\/div>\n<div style=\"text-align: center;\">pega no bal\u00e3o &#8211; folclore brasileiro<\/div>\n<div style=\"text-align: center;\">estrela do c\u00e9u \u00e9 lua nova &#8211; villa-lobos<\/div>\n<div style=\"text-align: center;\">exultante deo<\/div>\n<div style=\"text-align: center;\">ay luna que reluces &#8211; renascen\u00e7a espanhola<\/div>\n<div style=\"text-align: center;\">margot, labour\u00e9s les vignes &#8211; renascen\u00e7a francesa<\/div>\n<div style=\"text-align: center;\">contrapunto bestialle &#8211; renascen\u00e7a italiana<\/div>\n<div style=\"text-align: center;\">roll jordan roll &#8211; folclore americano<\/div>\n<div style=\"text-align: center;\">meninas, vamos ao vira &#8211; folclore portugu\u00eas<\/div>\n<div style=\"text-align: center;\">rosa amarela &#8211; villa-lobos<\/div>\n<div style=\"text-align: center;\">ai! xod\u00f3 &#8211; folclore brasileiro<\/div>\n<div style=\"text-align: center;\">boiadeiro do sert\u00e3o &#8211; folclore brasileiro<\/div>\n<div style=\"text-align: center;\">\u00e9 a ti flor do c\u00e9u &#8211; folclore brasileiro<\/div>\n<div style=\"text-align: center;\">dona jana\u00edna &#8211; folclore brasileiro<\/div>\n<div style=\"text-align: center;\"><\/div>\n<p><\/p>\n","protected":false},"excerpt":{"rendered":"<p>Bom dia a todos! Inicialmente eu quero avisar aos amigos cultos e ocultos, que solicitaram reativa\u00e7\u00e3o de &#8216;toques&#8217; antigos, para que aguardem com paci\u00eancia, pois alguns arquivos eu estou refazendo e incluindo, em alguns casos, os complementos como contracapa, encartes &hellip; <a href=\"https:\/\/www.toque-musicall.com\/?p=380\">Continue lendo <span class=\"meta-nav\">&rarr;<\/span><\/a><\/p>\n","protected":false},"author":1,"featured_media":0,"comment_status":"open","ping_status":"closed","sticky":false,"template":"","format":"standard","meta":{"footnotes":""},"categories":[618,617,217],"tags":[],"class_list":["post-380","post","type-post","status-publish","format-standard","hentry","category-isaac-karabtchevsky","category-madrigal-renascentista","category-selo-chantecler"],"_links":{"self":[{"href":"https:\/\/www.toque-musicall.com\/index.php?rest_route=\/wp\/v2\/posts\/380","targetHints":{"allow":["GET"]}}],"collection":[{"href":"https:\/\/www.toque-musicall.com\/index.php?rest_route=\/wp\/v2\/posts"}],"about":[{"href":"https:\/\/www.toque-musicall.com\/index.php?rest_route=\/wp\/v2\/types\/post"}],"author":[{"embeddable":true,"href":"https:\/\/www.toque-musicall.com\/index.php?rest_route=\/wp\/v2\/users\/1"}],"replies":[{"embeddable":true,"href":"https:\/\/www.toque-musicall.com\/index.php?rest_route=%2Fwp%2Fv2%2Fcomments&post=380"}],"version-history":[{"count":0,"href":"https:\/\/www.toque-musicall.com\/index.php?rest_route=\/wp\/v2\/posts\/380\/revisions"}],"wp:attachment":[{"href":"https:\/\/www.toque-musicall.com\/index.php?rest_route=%2Fwp%2Fv2%2Fmedia&parent=380"}],"wp:term":[{"taxonomy":"category","embeddable":true,"href":"https:\/\/www.toque-musicall.com\/index.php?rest_route=%2Fwp%2Fv2%2Fcategories&post=380"},{"taxonomy":"post_tag","embeddable":true,"href":"https:\/\/www.toque-musicall.com\/index.php?rest_route=%2Fwp%2Fv2%2Ftags&post=380"}],"curies":[{"name":"wp","href":"https:\/\/api.w.org\/{rel}","templated":true}]}}