{"id":3804,"date":"2014-01-18T20:22:33","date_gmt":"2014-01-18T22:22:33","guid":{"rendered":"http:\/\/www.toque-musicall.com\/?p=3804"},"modified":"2014-01-19T02:09:55","modified_gmt":"2014-01-19T04:09:55","slug":"roberto-faissal-cancao-da-mulher-amada-1961","status":"publish","type":"post","link":"https:\/\/www.toque-musicall.com\/?p=3804","title":{"rendered":"Roberto Faissal &#8211; Can\u00e7\u00e3o Da Mulher Amada (1961)"},"content":{"rendered":"<p><img loading=\"lazy\" decoding=\"async\" class=\"aligncenter\" alt=\"\" src=\"http:\/\/1.bp.blogspot.com\/-9TxO34MyBZE\/UtryD7wDksI\/AAAAAAAAITU\/mjYChGV3zrA\/s1600\/capap.JPG\" width=\"1000\" height=\"1005\" \/><img loading=\"lazy\" decoding=\"async\" class=\"aligncenter\" alt=\"\" src=\"http:\/\/1.bp.blogspot.com\/-AnikooI1Vrs\/Utrx92o6eoI\/AAAAAAAAITM\/h0XJNWa_u7I\/s1600\/contrap.JPG\" width=\"1000\" height=\"993\" \/><\/p>\n<p>Ol\u00e1 amigos cultos e ocultos! Hoje eu estou trazendo um disquinho aqui que tem a minha idade e somente hoje \u00e9 que eu vim a conhec\u00ea-lo, ou melhor dizendo, ouv\u00ed-lo. Eu sempre achei que fosse este um disco de poesia, pois pelo pouco que sei, Roberto Faissal era um r\u00e1dio-ator da R\u00e1dio Nacional. Nunca tive a curiosidade nem de ler a contracapa, embora o \u00e1lbum j\u00e1 tivesse passado pelas minhas m\u00e3os v\u00e1rias vezes. Pois \u00e9, mas tudo tem seu tempo e sua hora. Eis que chegou a vez&#8230;<br \/>\nEste lp foi lan\u00e7ado em 1961 pela Columbia. Um disco diferente at\u00e9 ent\u00e3o. Mal recebido pela cr\u00edtica, que n\u00e3o p\u00f4s muita f\u00e9 no ator como cantor. Segundo uma nota do jornal carioca A Noite, Roberto Faissal for\u00e7ava muito a voz nos tons graves &#8216;sem ter o necess\u00e1rio preparo t\u00e9cnico para tanto&#8217;. Mas, distante h\u00e1 mais de meio s\u00e9culo, ouvindo hoje eu n\u00e3o tenho essa impress\u00e3o. Acho mesmo diferente, principalmente porque se trata de uma grava\u00e7\u00e3o fora dos padr\u00f5es da \u00e9poca. Um disco gravado apenas por voz e viol\u00e3o. Coisa que s\u00f3 se ouvia e \u00e0 maneira da turma da Bossa Nova. Eis a\u00ed a &#8216;can\u00e7\u00e3o&#8217; como um estilo. &#8220;Can\u00e7\u00e3o da mulher amada&#8221; \u00e9 um disco bacana, rom\u00e2ntico e sens\u00edvel. Traz em seu repert\u00f3rio composi\u00e7\u00f5es muito boas de Roberto Faissal, que surpreende como compositor. H\u00e1 tamb\u00e9m can\u00e7\u00f5es de autoria de Luiz Antonio, Antonio Maria, da dupla Jair Amorim e Evaldo Gouveia. Este \u00faltimo tamb\u00e9m \u00e9 figura importante no disco. \u00c9 Evaldo Gouveia quem acompanha, ao viol\u00e3o, o canto<a href=\"http:\/\/depositfiles.org\/files\/5uoh3l0lt\" target=\"_blank\">r<\/a>.<\/p>\n<div style=\"text-align: center;\">can\u00e7\u00e3o da mulher amada<\/div>\n<div style=\"text-align: center;\">can\u00e7\u00e3o pra saudade ir embora<\/div>\n<div style=\"text-align: center;\">cantiga de quem est\u00e1 s\u00f3<\/div>\n<div style=\"text-align: center;\">can\u00e7\u00e3o de onde vem a saudade<\/div>\n<div style=\"text-align: center;\">can\u00e7\u00e3o de eu e tu<\/div>\n<div style=\"text-align: center;\">can\u00e7\u00e3o do amor que volta<\/div>\n<div style=\"text-align: center;\">can\u00e7\u00e3o do amor que lhe dou<\/div>\n<div style=\"text-align: center;\">can\u00e7\u00e3o pra ninar gente grande<\/div>\n<div style=\"text-align: center;\">can\u00e7\u00e3o da rosa que te dou<\/div>\n<div style=\"text-align: center;\">can\u00e7\u00e3o do amor que n\u00e3o vai<\/div>\n<div style=\"text-align: center;\">can\u00e7\u00e3o da procura de mim<\/div>\n<div style=\"text-align: center;\">can\u00e7\u00e3o do que n\u00e3o pode esquecer<\/div>\n<div style=\"text-align: center;\"><\/div>\n<div style=\"text-align: center;\">.<\/div>\n<p>&nbsp;<\/p>\n","protected":false},"excerpt":{"rendered":"<p>Ol\u00e1 amigos cultos e ocultos! Hoje eu estou trazendo um disquinho aqui que tem a minha idade e somente hoje \u00e9 que eu vim a conhec\u00ea-lo, ou melhor dizendo, ouv\u00ed-lo. Eu sempre achei que fosse este um disco de poesia, &hellip; <a href=\"https:\/\/www.toque-musicall.com\/?p=3804\">Continue lendo <span class=\"meta-nav\">&rarr;<\/span><\/a><\/p>\n","protected":false},"author":1,"featured_media":0,"comment_status":"open","ping_status":"closed","sticky":false,"template":"","format":"standard","meta":{"footnotes":""},"categories":[1470,771,269],"tags":[],"class_list":["post-3804","post","type-post","status-publish","format-standard","hentry","category-evaldo-gouveia","category-roberto-faissal","category-selo-columbia"],"_links":{"self":[{"href":"https:\/\/www.toque-musicall.com\/index.php?rest_route=\/wp\/v2\/posts\/3804","targetHints":{"allow":["GET"]}}],"collection":[{"href":"https:\/\/www.toque-musicall.com\/index.php?rest_route=\/wp\/v2\/posts"}],"about":[{"href":"https:\/\/www.toque-musicall.com\/index.php?rest_route=\/wp\/v2\/types\/post"}],"author":[{"embeddable":true,"href":"https:\/\/www.toque-musicall.com\/index.php?rest_route=\/wp\/v2\/users\/1"}],"replies":[{"embeddable":true,"href":"https:\/\/www.toque-musicall.com\/index.php?rest_route=%2Fwp%2Fv2%2Fcomments&post=3804"}],"version-history":[{"count":2,"href":"https:\/\/www.toque-musicall.com\/index.php?rest_route=\/wp\/v2\/posts\/3804\/revisions"}],"predecessor-version":[{"id":3806,"href":"https:\/\/www.toque-musicall.com\/index.php?rest_route=\/wp\/v2\/posts\/3804\/revisions\/3806"}],"wp:attachment":[{"href":"https:\/\/www.toque-musicall.com\/index.php?rest_route=%2Fwp%2Fv2%2Fmedia&parent=3804"}],"wp:term":[{"taxonomy":"category","embeddable":true,"href":"https:\/\/www.toque-musicall.com\/index.php?rest_route=%2Fwp%2Fv2%2Fcategories&post=3804"},{"taxonomy":"post_tag","embeddable":true,"href":"https:\/\/www.toque-musicall.com\/index.php?rest_route=%2Fwp%2Fv2%2Ftags&post=3804"}],"curies":[{"name":"wp","href":"https:\/\/api.w.org\/{rel}","templated":true}]}}