{"id":381,"date":"2011-08-08T12:06:00","date_gmt":"2011-08-08T12:06:00","guid":{"rendered":"http:\/\/www.toque-musicall.com\/?p=381"},"modified":"2011-08-08T12:06:00","modified_gmt":"2011-08-08T12:06:00","slug":"a-proxima-atracao-trilha-original-da-novela-1970","status":"publish","type":"post","link":"https:\/\/www.toque-musicall.com\/?p=381","title":{"rendered":"A Pr\u00f3xima Atra\u00e7\u00e3o &#8211; Trilha Original Da Novela (1970)"},"content":{"rendered":"<div style=\"clear: both; text-align: center;\"><a href=\"http:\/\/4.bp.blogspot.com\/-w1ptsuMQkj4\/Tj_IE0I3eyI\/AAAAAAAAIO0\/e0MnvD9jtdw\/s1600\/a+proxima+atra%25C3%25A7%25C3%25A3o+P.JPG\" style=\"margin-left: 1em; margin-right: 1em;\"><img loading=\"lazy\" decoding=\"async\" border=\"0\" height=\"400\" src=\"http:\/\/4.bp.blogspot.com\/-w1ptsuMQkj4\/Tj_IE0I3eyI\/AAAAAAAAIO0\/e0MnvD9jtdw\/s400\/a+proxima+atra%25C3%25A7%25C3%25A3o+P.JPG\" width=\"398\" \/><\/a><\/div>\n<p>Bom dia, meus prezados amigos cultos e ocultos! Eis que aqui chegamos na segunda feira das trilhas para a pr\u00f3xima atra\u00e7\u00e3o. \u00c9 isso mesmo, A Pr\u00f3xima Atra\u00e7\u00e3o, trilha sonora da novela da Rede Globo, de 1970. Ta\u00ed uma trilha dos bons tempos, quando quem fazia a sele\u00e7\u00e3o musical para as novelas era gente que realmente entendia de m\u00fasica e prezava pela qualidade. Uma \u00e9poca em que na m\u00fasica brasileria haviam grandes nomes, grandes compositores, orquestra&#8230; Hoje tamb\u00e9m tem, mas j\u00e1 n\u00e3o \u00e9 mais a mesma coisa. Melhor que falar \u00e9 comparar um disco como este com uma trilha de uma novela atual. \u00c9 nessa hora que a gente tem vontade de entrar no t\u00fanel do tempo e voltar atr\u00e1s. N\u00e3o vou nem entrar em detalhes sobre este disco, lembrando apenas que dos relan\u00e7amentos em cd de trilhas de novelas da Globo, este \u00e9 um dos que eu acredito n\u00e3o ter sido relan\u00e7ado. J\u00e1 vi por a\u00ed, no Mercado Livre, o cd importado sendo vendido a pre\u00e7o de ouro. Ser\u00e1 que vale tanto assim? Eu sou mais o vinil.<br \/>Mas independente de qualquer coisa, temos aqui uma sele\u00e7\u00e3o muito boa, com \u00f3timos artistas e aquelas m\u00fasicas que a gente n\u00e3o escutava h\u00e1 muito tempo. Um trabalho bem produzido, dirigido pelo Nelson Motta. Os arranjos ficam por conta de um time de primeira: Francisco de Moraes, Rog\u00e9rio Duprat, Arthur Verocai, Roberto Menescal e Paulo Machado. Confiram&#8230;<\/p>\n<div style=\"text-align: center;\">ci\u00e7a cec\u00edlia &#8211; erasmo carlos<\/div>\n<div style=\"text-align: center;\">a pr\u00f3xima atra\u00e7\u00e3o &#8211; ivan lins<\/div>\n<div style=\"text-align: center;\">regina &#8211; ronnie von<\/div>\n<div style=\"text-align: center;\">zip &#8211; briamonte orquestra<\/div>\n<div style=\"text-align: center;\">panorama, segundo rodrigo &#8211; marcus pitter<\/div>\n<div style=\"text-align: center;\">quem vem l\u00e1 &#8211; mpb-4<\/div>\n<div style=\"text-align: center;\">madalena &#8211; elis regina<\/div>\n<div style=\"text-align: center;\">dia do grilo &#8211; a charanga<\/div>\n<div style=\"text-align: center;\">sucesso, aqui vou eu &#8211; rita lee<\/div>\n<div style=\"text-align: center;\">sol nascente &#8211; conjunto de roberto menescal<\/div>\n<div style=\"text-align: center;\">verdes campos da am\u00e9rica &#8211; antonio claudio<\/div>\n<div style=\"text-align: center;\">atmosfera &#8211; briamonte orquestra<\/div>\n<div style=\"text-align: center;\"><\/div>\n<p><\/p>\n","protected":false},"excerpt":{"rendered":"<p>Bom dia, meus prezados amigos cultos e ocultos! Eis que aqui chegamos na segunda feira das trilhas para a pr\u00f3xima atra\u00e7\u00e3o. \u00c9 isso mesmo, A Pr\u00f3xima Atra\u00e7\u00e3o, trilha sonora da novela da Rede Globo, de 1970. Ta\u00ed uma trilha dos &hellip; <a href=\"https:\/\/www.toque-musicall.com\/?p=381\">Continue lendo <span class=\"meta-nav\">&rarr;<\/span><\/a><\/p>\n","protected":false},"author":1,"featured_media":0,"comment_status":"open","ping_status":"closed","sticky":false,"template":"","format":"standard","meta":{"footnotes":""},"categories":[619,146],"tags":[],"class_list":["post-381","post","type-post","status-publish","format-standard","hentry","category-novela-a-proxima-atracao","category-selo-polydor"],"_links":{"self":[{"href":"https:\/\/www.toque-musicall.com\/index.php?rest_route=\/wp\/v2\/posts\/381","targetHints":{"allow":["GET"]}}],"collection":[{"href":"https:\/\/www.toque-musicall.com\/index.php?rest_route=\/wp\/v2\/posts"}],"about":[{"href":"https:\/\/www.toque-musicall.com\/index.php?rest_route=\/wp\/v2\/types\/post"}],"author":[{"embeddable":true,"href":"https:\/\/www.toque-musicall.com\/index.php?rest_route=\/wp\/v2\/users\/1"}],"replies":[{"embeddable":true,"href":"https:\/\/www.toque-musicall.com\/index.php?rest_route=%2Fwp%2Fv2%2Fcomments&post=381"}],"version-history":[{"count":0,"href":"https:\/\/www.toque-musicall.com\/index.php?rest_route=\/wp\/v2\/posts\/381\/revisions"}],"wp:attachment":[{"href":"https:\/\/www.toque-musicall.com\/index.php?rest_route=%2Fwp%2Fv2%2Fmedia&parent=381"}],"wp:term":[{"taxonomy":"category","embeddable":true,"href":"https:\/\/www.toque-musicall.com\/index.php?rest_route=%2Fwp%2Fv2%2Fcategories&post=381"},{"taxonomy":"post_tag","embeddable":true,"href":"https:\/\/www.toque-musicall.com\/index.php?rest_route=%2Fwp%2Fv2%2Ftags&post=381"}],"curies":[{"name":"wp","href":"https:\/\/api.w.org\/{rel}","templated":true}]}}