{"id":382,"date":"2011-08-07T19:42:00","date_gmt":"2011-08-07T19:42:00","guid":{"rendered":"http:\/\/www.toque-musicall.com\/?p=382"},"modified":"2011-08-07T19:42:00","modified_gmt":"2011-08-07T19:42:00","slug":"the-pops-estas-sao-joinhas-joinhas-ta-falado-1971","status":"publish","type":"post","link":"https:\/\/www.toque-musicall.com\/?p=382","title":{"rendered":"The Pop&#8217;s &#8211; Estas S\u00e3o Joinhas&#8230; Joinhas&#8230; T\u00e1 Falado (1971)"},"content":{"rendered":"<div style=\"clear: both; text-align: center;\"><a href=\"http:\/\/2.bp.blogspot.com\/-bvdHjs9sMuI\/Tj7gAupYecI\/AAAAAAAAIOw\/g22PYykG9-s\/s1600\/the+pop%2527s+P.JPG\" style=\"margin-left: 1em; margin-right: 1em;\"><img loading=\"lazy\" decoding=\"async\" border=\"0\" height=\"400\" src=\"http:\/\/2.bp.blogspot.com\/-bvdHjs9sMuI\/Tj7gAupYecI\/AAAAAAAAIOw\/g22PYykG9-s\/s400\/the+pop%2527s+P.JPG\" width=\"397\" \/><\/a><\/div>\n<p>Boa tarde a todos, amigos cultos e ocultos! Parece mentira, mas mesmo no fim de semana eu estou conseguindo \u00a0tempo para as nossas postagens. O jeito \u00e9 ir na brecha. Relaxa que encaixa&#8230;<br \/>Antes de tudo, quero aqui me retratar. Acho que fui um pouco injusto com o Nilo Sergio Jr. na postagem de sexta feira. Eu, no fundo, fiquei foi um pouco chateado, como quando a gente leva um fora da menina. Uma esp\u00e9cie de desilus\u00e3o passageira. Eu creio que falei demais e sem saber. O cara \u00e9 uma pessoa bastante esclarecida, extremamente educado (como n\u00e3o podia deixar de ser um filho do Nilo S\u00e9rgio) e me contou um pouco das dificuldades da fam\u00edlia em manter uma gravadora do porte da Musidisc. Pelo pouco e resumido e-mail deu para se ter uma ideia de como \u00e9 dif\u00edcil manter uma empresa brasileira, tendo como concorrentes diretos e indiretos grandes multinacionais, gravadoras que eu nem preciso citar nomes. Tentar manter uma gravadora pequena e sem grandes pretens\u00f5es \u00e9 dif\u00edcil, mas ainda assim se mantinham, mas quando se trata de uma que queira ser at\u00e9 melhor que as estrangeiras, da\u00ed o bicho pega. E pegou para o Nilo Sergio, a ponto dele acabar tendo que ceder \u00e0 press\u00f5es, abdicando de novos sonhos. Coisa muito chata&#8230; Mas essa hist\u00f3ria, eu espero, o Nilo Jr, ou um outro algu\u00e9m, precisa contar. Merece realmente um livro. Uma hist\u00f3ria de vida que vale a pena ser sempre lembrada. Como eu previa, o Nilo Jr. me permitiu manter as postagens, obviamente sem os links, o que eu de imediato j\u00e1 fiz. E ainda se colocou \u00e0 disposi\u00e7\u00e3o para qualquer esclarcimento ou d\u00favida a respeito de alguma passagem dessa bel\u00edssima hist\u00f3ria. Eu pe\u00e7o aqui, em p\u00fablico, as minhas desculpas ao Nilo Sergio e sua fam\u00edlia.<br \/>Bom, falando agora da postagem do domingo, tenho aqui para voc\u00eas este disco do The Pop&#8217;s que eu comprei ontem l\u00e1 na Feira do Vinil. Ta\u00ed um disco que eu n\u00e3o conhecia. Coisa curiosa, nunca tinha visto este disco antes na minha vida. O \u00e1lbum \u00e9 de 71, produzido por Oswaldo Cadaxo e seu selo Equipe. O The Pop&#8217;s gravou grande parte dos seus discos por essa etiqueta. Na contra capa dessa joinha e mesmo no selo, n\u00e3o h\u00e1 muitas informa\u00e7\u00f5es al\u00e9m da rela\u00e7\u00e3o de m\u00fasicas, por sinal um repert\u00f3rio bem interessante. N\u00e3o sei e nem vou ter tempo para localizar quem eram os integrantes do grupo neste disco. Deixo essa para assunto no Coment\u00e1rios. T\u00e1 falado? \ud83d\ude09<\/p>\n<div style=\"text-align: center;\">oh me oh my<\/div>\n<div style=\"text-align: center;\">mujdei de ideia<\/div>\n<div style=\"text-align: center;\">de tanto amor<\/div>\n<div style=\"text-align: center;\">ovo de codorna<\/div>\n<div style=\"text-align: center;\">amada amante<\/div>\n<div style=\"text-align: center;\">voc\u00ea n\u00e3o entende nada<\/div>\n<div style=\"text-align: center;\">if<\/div>\n<div style=\"text-align: center;\">impossivel acreditar que perdi voc\u00ea<\/div>\n<div style=\"text-align: center;\">love story<\/div>\n<div style=\"text-align: center;\">voc\u00ea tamb\u00e9m \u00e9 respons\u00e1vel<\/div>\n","protected":false},"excerpt":{"rendered":"<p>Boa tarde a todos, amigos cultos e ocultos! Parece mentira, mas mesmo no fim de semana eu estou conseguindo \u00a0tempo para as nossas postagens. O jeito \u00e9 ir na brecha. Relaxa que encaixa&#8230;Antes de tudo, quero aqui me retratar. Acho &hellip; <a href=\"https:\/\/www.toque-musicall.com\/?p=382\">Continue lendo <span class=\"meta-nav\">&rarr;<\/span><\/a><\/p>\n","protected":false},"author":1,"featured_media":0,"comment_status":"open","ping_status":"closed","sticky":false,"template":"","format":"standard","meta":{"footnotes":""},"categories":[275,381],"tags":[],"class_list":["post-382","post","type-post","status-publish","format-standard","hentry","category-selo-equipe","category-the-pops"],"_links":{"self":[{"href":"https:\/\/www.toque-musicall.com\/index.php?rest_route=\/wp\/v2\/posts\/382","targetHints":{"allow":["GET"]}}],"collection":[{"href":"https:\/\/www.toque-musicall.com\/index.php?rest_route=\/wp\/v2\/posts"}],"about":[{"href":"https:\/\/www.toque-musicall.com\/index.php?rest_route=\/wp\/v2\/types\/post"}],"author":[{"embeddable":true,"href":"https:\/\/www.toque-musicall.com\/index.php?rest_route=\/wp\/v2\/users\/1"}],"replies":[{"embeddable":true,"href":"https:\/\/www.toque-musicall.com\/index.php?rest_route=%2Fwp%2Fv2%2Fcomments&post=382"}],"version-history":[{"count":0,"href":"https:\/\/www.toque-musicall.com\/index.php?rest_route=\/wp\/v2\/posts\/382\/revisions"}],"wp:attachment":[{"href":"https:\/\/www.toque-musicall.com\/index.php?rest_route=%2Fwp%2Fv2%2Fmedia&parent=382"}],"wp:term":[{"taxonomy":"category","embeddable":true,"href":"https:\/\/www.toque-musicall.com\/index.php?rest_route=%2Fwp%2Fv2%2Fcategories&post=382"},{"taxonomy":"post_tag","embeddable":true,"href":"https:\/\/www.toque-musicall.com\/index.php?rest_route=%2Fwp%2Fv2%2Ftags&post=382"}],"curies":[{"name":"wp","href":"https:\/\/api.w.org\/{rel}","templated":true}]}}