{"id":383,"date":"2011-08-07T02:02:00","date_gmt":"2011-08-07T02:02:00","guid":{"rendered":"http:\/\/www.toque-musicall.com\/?p=383"},"modified":"2011-08-07T02:02:00","modified_gmt":"2011-08-07T02:02:00","slug":"bresil-en-rose-coletanea-bossanovabrasil-2011","status":"publish","type":"post","link":"https:\/\/www.toque-musicall.com\/?p=383","title":{"rendered":"Bresil En Rose &#8211; Colet\u00e2nea BossaNovaBrasil (2011)"},"content":{"rendered":"<div style=\"clear: both; text-align: center;\"><a href=\"http:\/\/3.bp.blogspot.com\/-fHDBdAmzF2o\/Tj5zBmJ4G9I\/AAAAAAAAIOs\/SRqRPC_xwQo\/s1600\/capa+P.JPG\" style=\"margin-left: 1em; margin-right: 1em;\"><img loading=\"lazy\" decoding=\"async\" border=\"0\" height=\"400\" src=\"http:\/\/3.bp.blogspot.com\/-fHDBdAmzF2o\/Tj5zBmJ4G9I\/AAAAAAAAIOs\/SRqRPC_xwQo\/s400\/capa+P.JPG\" width=\"388\" \/><\/a><\/div>\n<div style=\"clear: both; text-align: left;\">Boa noite, amigos cultos e ocultos! Cheguei no \u00faltimo momento do dia, que ali\u00e1s foi bem puxad\u00e3o. Passei o s\u00e1bado inteiro na Feria do Vinil, que acontece agora todo m\u00eas na galeria de um pr\u00e9dio, na esquina de Rua Pernambuco com Inconfidentes, aqui em Belo Horizonte. Acabei tendo ainda outras pend\u00eancias que me roubaram o resto do dia, por isso s\u00f3 agora, j\u00e1 babando de sono \u00e9 que conseguir chegar em frente do computador.<\/div>\n<div style=\"clear: both; text-align: left;\">A postagem de hoje eu queria iniciar falando a respeito dos \u00faltimos acontecimentos, em rela\u00e7\u00e3o ao pedido de retirada de links nas postagens dos discos da Musidisc. Gostaria de me retratar, frente a coisas que a gente fala e escreve e depois se arrepende. Mas esse \u00e9 um assunto que para o meu momento de agora fica imposs\u00edvel. Estou muito cansado e preciso dormir. Por isso , deixo esse papo para a postagem de amanh\u00e3.<\/div>\n<div style=\"clear: both; text-align: left;\">Por hora, quero apenas deixar aqui o toque do dia (ou noite?). Nos \u00faltimos segundos do s\u00e1bado aqui vai a colet\u00e2nea do dia. Estou trazendo para voc\u00eas mais uma sele\u00e7\u00e3o musical, muito interessante, enviada pelo amigo Thierry, do blog <a href=\"http:\/\/bossanovabrasil.fr\/\">Bossa Nova Brasil<\/a>. Ele, mais uma vez selecionou uma d\u00fazia de can\u00e7\u00f5es, m\u00fasica popular brasileira, interpretada e cantada em franc\u00eas. Temos aqui uma s\u00e9rie de artistas famosos n\u00e3o s\u00f3 na Fran\u00e7a, em vers\u00f5es bastante curiosas e interessantes para o p\u00fablico brasileiro. Pessoalmente, acho um charme a m\u00fasica brasileira cantada em franc\u00eas. Esta colet\u00e2nea chegou bem na hora e me salvou o s\u00e1bad\u00e3o de \u00a0variedades. Espero que voc\u00eas gostem. A capinha, feita \u00e0s pressas, n\u00e3o ficou l\u00e1 grandes coisas, mas est\u00e1 digna para complementar &#8216;cette s\u00e9lection musicale&#8217;. V\u00e9rifiez&#8230;<\/div>\n<div style=\"clear: both; text-align: left;\"><\/div>\n<div style=\"clear: both; text-align: center;\">la chupeta &#8211; maurice chevalier<\/div>\n<div style=\"clear: both; text-align: center;\">si tu v\u00e1s \u00e0 rio &#8211; dario moreno<\/div>\n<div style=\"clear: both; text-align: center;\">brigitte bardot &#8211; dario moreno<\/div>\n<div style=\"clear: both; text-align: center;\">oh mon dieu, qu&#8217;elle est mignonne &#8211; sheila<\/div>\n<div style=\"clear: both; text-align: center;\">avec des je avec des ja &#8211; christiane legrand<\/div>\n<div style=\"clear: both; text-align: center;\">corcovado &#8211; sasha distel<\/div>\n<div style=\"clear: both; text-align: center;\">qui c&#8217;est celui-la &#8211; pierre vassiliu<\/div>\n<div style=\"clear: both; text-align: center;\">tais-toi &#8211; pierre vassiliu<\/div>\n<div style=\"clear: both; text-align: center;\">a quoi tu joues &#8211; marcel zanini<\/div>\n<div style=\"clear: both; text-align: center;\">la b\u00e9b\u00eate &#8211; annie cordy<\/div>\n<div style=\"clear: both; text-align: center;\">pars &#8211; jean-louis murat<\/div>\n<div style=\"clear: both; text-align: center;\">bidonville &#8211; claude nougaro<\/div>\n<div style=\"clear: both; text-align: left;\"><\/div>\n<div style=\"clear: both; text-align: left;\"><\/div>\n","protected":false},"excerpt":{"rendered":"<p>Boa noite, amigos cultos e ocultos! Cheguei no \u00faltimo momento do dia, que ali\u00e1s foi bem puxad\u00e3o. Passei o s\u00e1bado inteiro na Feria do Vinil, que acontece agora todo m\u00eas na galeria de um pr\u00e9dio, na esquina de Rua Pernambuco &hellip; <a href=\"https:\/\/www.toque-musicall.com\/?p=383\">Continue lendo <span class=\"meta-nav\">&rarr;<\/span><\/a><\/p>\n","protected":false},"author":1,"featured_media":0,"comment_status":"open","ping_status":"closed","sticky":false,"template":"","format":"standard","meta":{"footnotes":""},"categories":[620],"tags":[],"class_list":["post-383","post","type-post","status-publish","format-standard","hentry","category-coletanea-bresil-en-rose"],"_links":{"self":[{"href":"https:\/\/www.toque-musicall.com\/index.php?rest_route=\/wp\/v2\/posts\/383","targetHints":{"allow":["GET"]}}],"collection":[{"href":"https:\/\/www.toque-musicall.com\/index.php?rest_route=\/wp\/v2\/posts"}],"about":[{"href":"https:\/\/www.toque-musicall.com\/index.php?rest_route=\/wp\/v2\/types\/post"}],"author":[{"embeddable":true,"href":"https:\/\/www.toque-musicall.com\/index.php?rest_route=\/wp\/v2\/users\/1"}],"replies":[{"embeddable":true,"href":"https:\/\/www.toque-musicall.com\/index.php?rest_route=%2Fwp%2Fv2%2Fcomments&post=383"}],"version-history":[{"count":0,"href":"https:\/\/www.toque-musicall.com\/index.php?rest_route=\/wp\/v2\/posts\/383\/revisions"}],"wp:attachment":[{"href":"https:\/\/www.toque-musicall.com\/index.php?rest_route=%2Fwp%2Fv2%2Fmedia&parent=383"}],"wp:term":[{"taxonomy":"category","embeddable":true,"href":"https:\/\/www.toque-musicall.com\/index.php?rest_route=%2Fwp%2Fv2%2Fcategories&post=383"},{"taxonomy":"post_tag","embeddable":true,"href":"https:\/\/www.toque-musicall.com\/index.php?rest_route=%2Fwp%2Fv2%2Ftags&post=383"}],"curies":[{"name":"wp","href":"https:\/\/api.w.org\/{rel}","templated":true}]}}