{"id":384,"date":"2011-08-05T11:49:00","date_gmt":"2011-08-05T11:49:00","guid":{"rendered":"http:\/\/www.toque-musicall.com\/?p=384"},"modified":"2011-08-05T11:49:00","modified_gmt":"2011-08-05T11:49:00","slug":"francisco-mario-revolta-dos-palhacos-1980","status":"publish","type":"post","link":"https:\/\/www.toque-musicall.com\/?p=384","title":{"rendered":"Francisco M\u00e1rio &#8211; Revolta Dos Palha\u00e7os (1980)"},"content":{"rendered":"<div style=\"clear: both; text-align: center;\"><a href=\"http:\/\/4.bp.blogspot.com\/-IQXevzaNlVc\/Tju6jjd1-rI\/AAAAAAAAIOQ\/9sB46vuETgw\/s1600\/francisco+P.JPG\" style=\"margin-left: 1em; margin-right: 1em;\"><img loading=\"lazy\" decoding=\"async\" border=\"0\" height=\"397\" src=\"http:\/\/4.bp.blogspot.com\/-IQXevzaNlVc\/Tju6jjd1-rI\/AAAAAAAAIOQ\/9sB46vuETgw\/s400\/francisco+P.JPG\" width=\"400\" \/><\/a><\/div>\n<p>Muito bom dia a todos, amigos cultos e ocultos! Bom dia mesmo, tem que ser! Pois, pelo jeito o bicho t\u00e1 pegando&#8230; Eu enviei ontem para uma parte dos amigos cultos que est\u00e3o na minha lista de e-mail uma mensagem da <a href=\"http:\/\/www.avaaz.org\/po\/save_brazils_internet\/96.php\">ONG AVAAZ<\/a>. Na verdade, um alerta e uma mensagem de oposi\u00e7\u00e3o ao j\u00e1 conhecido Projeto de Lei do pol\u00edtico Eduardo Azeredo, o PL 84\/99. Todo aquele que n\u00e3o concorda com essa jogada pol\u00edtica, que s\u00f3 serve para restringir o nosso j\u00e1 pouco direito, n\u00e3o deve ficar de fora. Entre no <a href=\"http:\/\/www.avaaz.org\/po\/save_brazils_internet\/96.php\">site da Avaaz<\/a> e envie o seu protesto. Liberdade, liberdade e liberdade!<br \/>Quando digo que o bicho est\u00e1 pegando, n\u00e3o me referi apenas ao Azeredo. H\u00e1 tamb\u00e9m por aqui outra situa\u00e7\u00e3o azereda, que dizer, azeda. Ontem eu recebi um e-mail do filho do Nilo S\u00e9rgio, o Nilo Jr., no qual ele solicita que eu retire todos os &#8216;toques&#8217; relacionados aos discos da Musidisc. Segundo ele, o cat\u00e1logo da gravadora continua sendo relan\u00e7ado a cada dois anos. Eu, sinceramente, nunca soube disso. Sei que alguns t\u00edtulos chegaram a ser relan\u00e7ado pela Som Livre nos anos 80, por sinal de uma maneira t\u00e3o pobre e porca que deve ter feito o velho Nilo se remexer no caix\u00e3o. Afinal, os discos da Musidisc e Nilser eram de padr\u00e3o internacional, um primor para os padr\u00f5es comerciais da \u00e9poca. Coincidentemente, quando eu j\u00e1 preparava uma s\u00e9rie de t\u00edtulos dos mais raros da Nilser e Musidisc para trazer at\u00e9 voc\u00eas, o detentor dos direitos veio solicitar a retirada do que j\u00e1 foi postado. \u00c9 mesmo uma pena, tanto pelos que \u00e1 foram postados quando para os que viriam em seguida. S\u00e3o discos que com certeza nem o pr\u00f3prio herdeiro deve ter ou saber de sua exist\u00eancia. O que dizer de uma nova e poss\u00edvel reedi\u00e7\u00e3o? V\u00e3o esperando&#8230; Neste final de semana eu estarei retirando todos os links deixado nas postagens relacionadas aos discos da Musidisc e Nilser. Eu fiquei meio chateado e cheguei mesmo a pensar em retirar tamb\u00e9m as postagens. Mas agora, pensando melhor, acho que irei mant\u00ea-las, pelo menos para que todos saibam que um dia o Toque Musical tentou trazer \u00e0 luz (e aos ouvidos) o que insistentemente querem manter no esquecimento. O que o TM n\u00e3o pode fazer, outros milhares de blog o far\u00e3o. Como eu j\u00e1 disse outras vezes, essa \u00e9 uma estrada sem volta. O p\u00e3o que n\u00e3o foi comido na hora s\u00f3 se preserva por um tempo. Depois, ou vira farinha ou vira bolor. Depende de quem guarda, n\u00e3o \u00e9 mesmo?<br \/>E assim tudo se perde e se transforma e s\u00f3 mesmo por for\u00e7a do destino algo ainda permanece. E permanece enquanto estiver oculto, escondido, esquecido ou limitado \u00e0 poucos olhos e ouvidos. Essa \u00e9 uma grande verdade e se aplica tamb\u00e9m \u00e0 situa\u00e7\u00e3o do blog Toque Musical, que, assim com foi o Loronix, hoje ocupa uma posi\u00e7\u00e3o de destaque no cen\u00e1rio blog musical. Por conta de sua tamanha visibilidade e exposi\u00e7\u00e3o se torna tamb\u00e9m vulner\u00e1vel, alvo f\u00e1cil de a\u00e7\u00f5es repressoras. \u00c9 como diz o velho ditado, quanto mais alto, maior o tombo (que o diga o WTC). Melhor aqui \u00e9 desacelerar&#8230;<br \/>Mas n\u00f3s, os palha\u00e7os aqui, continuamos revoltados. Foi na analogia do meu pensamento que eu me lembrei deste disco do Francisco M\u00e1rio para a postagem de hoje. Caiu como uma luva, principalmente porque se trata tamb\u00e9m de um disco independente, apropriado para a nossa sexta feira do TM.<br \/>&#8220;Revolta dos Palha\u00e7os&#8221; foi o segundo disco gravado por Francisco M\u00e1rio que contou com a ajuda e participa\u00e7\u00e3o de muita gente boa, a come\u00e7ar pelas primeiras duzentas pessoas que compraram o disco antes mesmo dele ficar pronto. Uma ideia interessante, principalmente se o artista for um nome de talento e ainda trazer na bagagem outros grandes nomes como, Ivan Lins, MPB-4, Boca Livre, Lucinha Lins, Mauro Senise, Danilo Caymmi, Gianfrancesco Guarnieri, o irm\u00e3o Henfil, Aldir Blanc e outros&#8230;<br \/>Para acabar de vestir a luva eu incluo, muito apropriadamente, o que dizia o Chico M\u00e1rio a respeito deste disco: <i>&#8220;Com este disco eu denuncio a ilus\u00e3o montada para ver a nossa realidade subdesenvolvida de pa\u00eds de terceiro mundo e que at\u00e9 poderia chocar as pessoas que estavam sonhando e n\u00e3o queriam acordar, preferindo acreditar na falsa realidade criada a cada dia.&#8221;<\/i><br \/><i><br \/><\/i><\/p>\n<div style=\"text-align: center;\">revolta dos palha\u00e7os<\/div>\n<div style=\"text-align: center;\">bailarina<\/div>\n<div style=\"text-align: center;\">o andaime<\/div>\n<div style=\"text-align: center;\">o homem mais forte do mundo<\/div>\n<div style=\"text-align: center;\">valsa do mata-cachorro<\/div>\n<div style=\"text-align: center;\">o m\u00e1gico<\/div>\n<div style=\"text-align: center;\">malabarista da infla\u00e7\u00e3o<\/div>\n<div style=\"text-align: center;\">chora palha\u00e7o<\/div>\n<div style=\"text-align: center;\">se cobrir \u00e9 circo, se cercar \u00e9 hosp\u00edcio<\/div>\n<div style=\"text-align: center;\">p\u00e3o e circo<\/div>\n<div style=\"text-align: center;\">clareira aberta<\/div>\n","protected":false},"excerpt":{"rendered":"<p>Muito bom dia a todos, amigos cultos e ocultos! Bom dia mesmo, tem que ser! Pois, pelo jeito o bicho t\u00e1 pegando&#8230; Eu enviei ontem para uma parte dos amigos cultos que est\u00e3o na minha lista de e-mail uma mensagem &hellip; <a href=\"https:\/\/www.toque-musicall.com\/?p=384\">Continue lendo <span class=\"meta-nav\">&rarr;<\/span><\/a><\/p>\n","protected":false},"author":1,"featured_media":0,"comment_status":"open","ping_status":"closed","sticky":false,"template":"","format":"standard","meta":{"footnotes":""},"categories":[621,25],"tags":[],"class_list":["post-384","post","type-post","status-publish","format-standard","hentry","category-francisco-mario","category-selo-independente"],"_links":{"self":[{"href":"https:\/\/www.toque-musicall.com\/index.php?rest_route=\/wp\/v2\/posts\/384","targetHints":{"allow":["GET"]}}],"collection":[{"href":"https:\/\/www.toque-musicall.com\/index.php?rest_route=\/wp\/v2\/posts"}],"about":[{"href":"https:\/\/www.toque-musicall.com\/index.php?rest_route=\/wp\/v2\/types\/post"}],"author":[{"embeddable":true,"href":"https:\/\/www.toque-musicall.com\/index.php?rest_route=\/wp\/v2\/users\/1"}],"replies":[{"embeddable":true,"href":"https:\/\/www.toque-musicall.com\/index.php?rest_route=%2Fwp%2Fv2%2Fcomments&post=384"}],"version-history":[{"count":0,"href":"https:\/\/www.toque-musicall.com\/index.php?rest_route=\/wp\/v2\/posts\/384\/revisions"}],"wp:attachment":[{"href":"https:\/\/www.toque-musicall.com\/index.php?rest_route=%2Fwp%2Fv2%2Fmedia&parent=384"}],"wp:term":[{"taxonomy":"category","embeddable":true,"href":"https:\/\/www.toque-musicall.com\/index.php?rest_route=%2Fwp%2Fv2%2Fcategories&post=384"},{"taxonomy":"post_tag","embeddable":true,"href":"https:\/\/www.toque-musicall.com\/index.php?rest_route=%2Fwp%2Fv2%2Ftags&post=384"}],"curies":[{"name":"wp","href":"https:\/\/api.w.org\/{rel}","templated":true}]}}