{"id":386,"date":"2011-08-04T11:04:00","date_gmt":"2011-08-04T11:04:00","guid":{"rendered":"http:\/\/www.toque-musicall.com\/?p=386"},"modified":"2011-08-04T11:04:00","modified_gmt":"2011-08-04T11:04:00","slug":"quarteto-teorema-1973","status":"publish","type":"post","link":"https:\/\/www.toque-musicall.com\/?p=386","title":{"rendered":"Quarteto Teorema (1973)"},"content":{"rendered":"<div style=\"clear: both; text-align: center;\"><a href=\"http:\/\/2.bp.blogspot.com\/-ZfPwzKggiU0\/Tjx4rSOxAEI\/AAAAAAAAIOY\/lCPy6_-LJng\/s1600\/quarteto+P.JPG\" style=\"margin-left: 1em; margin-right: 1em;\"><img loading=\"lazy\" decoding=\"async\" border=\"0\" height=\"400\" src=\"http:\/\/2.bp.blogspot.com\/-ZfPwzKggiU0\/Tjx4rSOxAEI\/AAAAAAAAIOY\/lCPy6_-LJng\/s400\/quarteto+P.JPG\" width=\"391\" \/><\/a><\/div>\n<p>Bom dia, amigos cultos e ocultos! A semana est\u00e1 passando t\u00e3o r\u00e1pido que eu nem notei que hoje j\u00e1 \u00e9 quinta feira. E antes que os dias livres da semana se acabem, l\u00e1 vou eu com mais uma escolha n\u00e3o premeditada. Trago para voc\u00eas o Quarteto Teorema, um grupo vocal aos moldes do MPB-4, que esteve muito atuante no final dos anos 60 e in\u00edcio dos 70. Encontrar informa\u00e7\u00f5es na rede sobre esse grupo \u00e9 t\u00e3o dif\u00edcil como procurar o Wally. Sites que se colocam como verdadeiras enciclop\u00e9dias de m\u00fasica brasileira, tamb\u00e9m n\u00e3o informam nada. E olha que n\u00e3o se trata apenas de discos ou artistas sem express\u00e3o. Eu, muitas vezes j\u00e1 me dei conta disso, discos\/artistas importantes, mas sem refer\u00eancias. \u00c9 por essas e por outras que n\u00f3s que amamos verdadeiramente a m\u00fasica brasileira estamos a\u00ed na anarquia (?) fonomusical.<br \/>O Quarteto Teorema, at\u00e9 onde eu sei era um grupo liderado pelo ator, cantor e compositor baiano Fernando Lona, parceiro de Geraldo Vandr\u00e9 em &#8220;Porta estandarte&#8221;. Participava tamb\u00e9m do grupo (creio eu) outro baiano, o cantor e compositor Vidal Fran\u00e7a. Formando o quarteto, temos ainda mais dois nomes, os quais (suponho eu) foram <a href=\"http:\/\/toque-musicall.blogspot.com\/search\/label\/Nazareno%20e%20Pena%20Branca\">Nazareno Vieira e Pena Branca<\/a>, dupla a qual eu j\u00e1 postei um disco aqui. Embora essas informa\u00e7\u00f5es n\u00e3o sejam precisas, foram montadas por mim, tomando como base as diversas pe\u00e7as de um quebra cabe\u00e7as que se encaixam com perfei\u00e7\u00e3o. Aqueles que por ventura tiverem infoma\u00e7\u00f5es complementares, n\u00e3o deixem de fora dos nossos coment\u00e1rios. \u00c9 assim que vamos desembassando nossa hist\u00f3ria musical.<br \/>Me lembrei agora de um outro disco deste quarteto, um compacto lan\u00e7ado no final dos anos 60 para o time do Flamengo. Vou ver se o encontro e se poss\u00edvel, ainda hoje coloco aqui para voc\u00ea, ok? Confiram o Teorema&#8230;<\/p>\n<div style=\"text-align: center;\">baile da vida<\/div>\n<div style=\"text-align: center;\">travessia<\/div>\n<div style=\"text-align: center;\">samba assim assim<\/div>\n<div style=\"text-align: center;\">corissom<\/div>\n<div style=\"text-align: center;\">pot pourri de sambas<\/div>\n<div style=\"text-align: center;\"><i>das rosas<\/i><\/div>\n<div style=\"text-align: center;\"><i>formosa<\/i><\/div>\n<div style=\"text-align: center;\"><i>adeus batucada<\/i><\/div>\n<div style=\"text-align: center;\"><i>levanta mangueira<\/i><\/div>\n<div style=\"text-align: center;\"><i>mundo encantado de monteiro lobato<\/i><\/div>\n<div style=\"text-align: center;\"><i>alegria<\/i><\/div>\n<div style=\"text-align: center;\">nosso frevo<\/div>\n<div style=\"text-align: center;\">minha menina<\/div>\n<div style=\"text-align: center;\">n\u00e3o tenho bronca de voc\u00ea<\/div>\n<div style=\"text-align: center;\">sem despedida<\/div>\n<div style=\"text-align: center;\">pout pourri de bai\u00e3o<\/div>\n<div style=\"text-align: center;\"><i>asa branca<\/i><\/div>\n<div style=\"text-align: center;\"><i>assum preto<\/i><\/div>\n<div style=\"text-align: center;\"><i>\u00faltimo pau de arara<\/i><\/div>\n<div style=\"text-align: center;\"><i>pau de arara<\/i><\/div>\n<div style=\"text-align: center;\"><i>fogo pag\u00f4<\/i><\/div>\n<div style=\"text-align: center;\"><i>chegan\u00e7a<\/i><\/div>\n<div style=\"text-align: center;\"><i>trindade de amor<\/i><\/div>\n<div style=\"text-align: center;\"><\/div>\n<div style=\"text-align: center;\"><\/div>\n","protected":false},"excerpt":{"rendered":"<p>Bom dia, amigos cultos e ocultos! A semana est\u00e1 passando t\u00e3o r\u00e1pido que eu nem notei que hoje j\u00e1 \u00e9 quinta feira. E antes que os dias livres da semana se acabem, l\u00e1 vou eu com mais uma escolha n\u00e3o &hellip; <a href=\"https:\/\/www.toque-musicall.com\/?p=386\">Continue lendo <span class=\"meta-nav\">&rarr;<\/span><\/a><\/p>\n","protected":false},"author":1,"featured_media":0,"comment_status":"open","ping_status":"closed","sticky":false,"template":"","format":"standard","meta":{"footnotes":""},"categories":[622,195],"tags":[],"class_list":["post-386","post","type-post","status-publish","format-standard","hentry","category-quarteto-teorema","category-selo-tapecar"],"_links":{"self":[{"href":"https:\/\/www.toque-musicall.com\/index.php?rest_route=\/wp\/v2\/posts\/386","targetHints":{"allow":["GET"]}}],"collection":[{"href":"https:\/\/www.toque-musicall.com\/index.php?rest_route=\/wp\/v2\/posts"}],"about":[{"href":"https:\/\/www.toque-musicall.com\/index.php?rest_route=\/wp\/v2\/types\/post"}],"author":[{"embeddable":true,"href":"https:\/\/www.toque-musicall.com\/index.php?rest_route=\/wp\/v2\/users\/1"}],"replies":[{"embeddable":true,"href":"https:\/\/www.toque-musicall.com\/index.php?rest_route=%2Fwp%2Fv2%2Fcomments&post=386"}],"version-history":[{"count":0,"href":"https:\/\/www.toque-musicall.com\/index.php?rest_route=\/wp\/v2\/posts\/386\/revisions"}],"wp:attachment":[{"href":"https:\/\/www.toque-musicall.com\/index.php?rest_route=%2Fwp%2Fv2%2Fmedia&parent=386"}],"wp:term":[{"taxonomy":"category","embeddable":true,"href":"https:\/\/www.toque-musicall.com\/index.php?rest_route=%2Fwp%2Fv2%2Fcategories&post=386"},{"taxonomy":"post_tag","embeddable":true,"href":"https:\/\/www.toque-musicall.com\/index.php?rest_route=%2Fwp%2Fv2%2Ftags&post=386"}],"curies":[{"name":"wp","href":"https:\/\/api.w.org\/{rel}","templated":true}]}}