{"id":3860,"date":"2014-01-29T17:53:25","date_gmt":"2014-01-29T19:53:25","guid":{"rendered":"http:\/\/www.toque-musicall.com\/?p=3860"},"modified":"2014-01-30T18:03:51","modified_gmt":"2014-01-30T20:03:51","slug":"ed-maciel-e-sua-orquestra-na-onda-1966","status":"publish","type":"post","link":"https:\/\/www.toque-musicall.com\/?p=3860","title":{"rendered":"Ed Maciel E Sua Orquestra &#8211; Na Onda (1966)"},"content":{"rendered":"<p><img loading=\"lazy\" decoding=\"async\" class=\"aligncenter\" alt=\"\" src=\"http:\/\/4.bp.blogspot.com\/-W1YCXx2FTLM\/UuquMNkVPuI\/AAAAAAAAIZI\/uzyuBovxDpQ\/s1600\/capa+Fp.JPG\" width=\"1000\" height=\"991\" \/><\/p>\n<p><img loading=\"lazy\" decoding=\"async\" class=\"aligncenter\" alt=\"\" src=\"http:\/\/4.bp.blogspot.com\/-SgGsGIAaZtE\/UuquFjTeNGI\/AAAAAAAAIZA\/cvoxYAJHmpY\/s1600\/contrap.JPG\" width=\"1000\" height=\"1008\" \/><\/p>\n<p>Bom tarde, amigos cultos e ocultos! Nesta semana eu entrei numa de ouvir uma s\u00e9rie de discos os quais eu nunca havia ouvido, ou quase nada. Vou aqui fazendo uma triagem, separando aquilo que pode vir a fazer parte do nosso &#8216;toque musical&#8217; da semana.<br \/>\nPara hoje, vamos com o trombonista Edmundo Maciel Palmeira, mineirinho de Belo Horizonte, grande instrumentista! Foi para o Rio de Janeiro nos anos 50 onde se tornaria Ed Maciel, um dos m\u00fasicos mais requisitados, tocando em orquestras, nas r\u00e1dios, televis\u00e3o e em grava\u00e7\u00f5es de muitos dos melhores discos produzidos no pa\u00eds. Foi arranjador e regente para os grupos de Ary Barroso e orquestra de Carlos Machado. Com seu conjunto, &#8220;Carioca Serenardes&#8221;, gravou em 57 o lp de 10 polegadas &#8211; &#8220;Na cad\u00eancia do samba&#8221; &#8211; um grupo que tinha entre seus membros Moacir Marques, Paulo Moura, Chaim Lewak, Paulinho Magalh\u00e3es, J\u00falio Barbosa e Aderbal Moreira. Ainda, no final dos anos 50, participou de dois discos antol\u00f3gicos, &#8220;Can\u00e7\u00e3o do amor demais&#8221;, de Elizeth Cardoso e o &#8220;Chega de saudade&#8221;, de Jo\u00e3o Gilberto. Nos anos 60 n\u00e3o seria diferente. Ed Maciel continuaria participando gravando o que de melhor foi produzido no Brasil, naquela d\u00e9cada. Ao lado de Moacyr Silva e Waltel Branco formou o trio &#8220;Os Cobras&#8221;, com o qual lan\u00e7ou um \u00e1lbum em 1960. Foi tamb\u00e9m um dos membros de grupos como o &#8220;Conjunto 7 de Ouros&#8221; e &#8220;Os Gatos&#8221;. Participou, em 64, da grava\u00e7\u00e3o do cultuado lp &#8220;Coisas&#8221;, do maestro Moacir Santos. A partir da\u00ed passou a liderar sua pr\u00f3pria orquestra. Em 1966 gravou pelo selo London (Odeon) este \u00e1lbum, &#8220;Na Onda&#8221;, cujo o repert\u00f3rio era todo voltado para um p\u00fablico jovem, uma s\u00e9rie de m\u00fasicas de sucesso da \u00e9poca. Creio eu que este tenha sido um dos primeiros discos de orquestra e instrumental brasileiro pautado na m\u00fasica jovem e internacional daquele momento. O \u00e1lbum fez muito sucesso e mereceu uma continuidade e por a\u00ed vieram v\u00e1rios volumes. Ed Maciel gravou desde ent\u00e3o uma dezena de discos com sua orquestra, produzindo discos at\u00e9 o final dos anos 70. Como m\u00fasico de est\u00fadio, esteve presente nos melhores discos e ao lado de outros grandes nomes como Chico Buarque, Edu Lobo, Maria Beth\u00e2nia, Marcos Valle, Mi\u00facha, Luiz Gonzaga, Milton Nascimento e muitos outros por a\u00ed a for<a href=\"http:\/\/depositfiles.org\/files\/tot6q2asf\" target=\"_blank\">a<\/a>&#8230;<\/p>\n<div style=\"text-align: center;\">day tripper<\/div>\n<div style=\"text-align: center;\">\u00e7a serait beau<\/div>\n<div style=\"text-align: center;\">la bamba<\/div>\n<div style=\"text-align: center;\">a taste of honey<\/div>\n<div style=\"text-align: center;\">i feel fine<\/div>\n<div style=\"text-align: center;\">yesterday<\/div>\n<div style=\"text-align: center;\">michelle<\/div>\n<div style=\"text-align: center;\">les cornichons<\/div>\n<div style=\"text-align: center;\">i knew right away<\/div>\n<div style=\"text-align: center;\">a volta<\/div>\n<div style=\"text-align: center;\">lollipops and roses<\/div>\n<div style=\"text-align: center;\">la tartaruga<\/div>\n<div style=\"text-align: center;\"><\/div>\n<div style=\"text-align: center;\">.<\/div>\n<p>&nbsp;<\/p>\n","protected":false},"excerpt":{"rendered":"<p>Bom tarde, amigos cultos e ocultos! Nesta semana eu entrei numa de ouvir uma s\u00e9rie de discos os quais eu nunca havia ouvido, ou quase nada. Vou aqui fazendo uma triagem, separando aquilo que pode vir a fazer parte do &hellip; <a href=\"https:\/\/www.toque-musicall.com\/?p=3860\">Continue lendo <span class=\"meta-nav\">&rarr;<\/span><\/a><\/p>\n","protected":false},"author":1,"featured_media":0,"comment_status":"open","ping_status":"closed","sticky":false,"template":"","format":"standard","meta":{"footnotes":""},"categories":[2311,667],"tags":[],"class_list":["post-3860","post","type-post","status-publish","format-standard","hentry","category-ed-maciel","category-selo-london-emi-odeon"],"_links":{"self":[{"href":"https:\/\/www.toque-musicall.com\/index.php?rest_route=\/wp\/v2\/posts\/3860","targetHints":{"allow":["GET"]}}],"collection":[{"href":"https:\/\/www.toque-musicall.com\/index.php?rest_route=\/wp\/v2\/posts"}],"about":[{"href":"https:\/\/www.toque-musicall.com\/index.php?rest_route=\/wp\/v2\/types\/post"}],"author":[{"embeddable":true,"href":"https:\/\/www.toque-musicall.com\/index.php?rest_route=\/wp\/v2\/users\/1"}],"replies":[{"embeddable":true,"href":"https:\/\/www.toque-musicall.com\/index.php?rest_route=%2Fwp%2Fv2%2Fcomments&post=3860"}],"version-history":[{"count":1,"href":"https:\/\/www.toque-musicall.com\/index.php?rest_route=\/wp\/v2\/posts\/3860\/revisions"}],"predecessor-version":[{"id":3861,"href":"https:\/\/www.toque-musicall.com\/index.php?rest_route=\/wp\/v2\/posts\/3860\/revisions\/3861"}],"wp:attachment":[{"href":"https:\/\/www.toque-musicall.com\/index.php?rest_route=%2Fwp%2Fv2%2Fmedia&parent=3860"}],"wp:term":[{"taxonomy":"category","embeddable":true,"href":"https:\/\/www.toque-musicall.com\/index.php?rest_route=%2Fwp%2Fv2%2Fcategories&post=3860"},{"taxonomy":"post_tag","embeddable":true,"href":"https:\/\/www.toque-musicall.com\/index.php?rest_route=%2Fwp%2Fv2%2Ftags&post=3860"}],"curies":[{"name":"wp","href":"https:\/\/api.w.org\/{rel}","templated":true}]}}