{"id":3867,"date":"2014-01-31T20:49:54","date_gmt":"2014-01-31T22:49:54","guid":{"rendered":"http:\/\/www.toque-musicall.com\/?p=3867"},"modified":"2014-01-31T20:49:54","modified_gmt":"2014-01-31T22:49:54","slug":"vito-mancini-de-me-um-sorriso-198","status":"publish","type":"post","link":"https:\/\/www.toque-musicall.com\/?p=3867","title":{"rendered":"Vito Mancini &#8211; D\u00ea-me Um Sorriso (198&#8230;)"},"content":{"rendered":"<p><img loading=\"lazy\" decoding=\"async\" class=\"aligncenter\" alt=\"\" src=\"http:\/\/1.bp.blogspot.com\/-vOyw9jcazJA\/UuwgbOFLhkI\/AAAAAAAAIZ4\/iKgRL0AV9aI\/s1600\/capap.JPG\" width=\"1000\" height=\"997\" \/><img loading=\"lazy\" decoding=\"async\" class=\"aligncenter\" alt=\"\" src=\"http:\/\/3.bp.blogspot.com\/-xrsbLylqmgg\/UuwgTlmhRkI\/AAAAAAAAIZw\/cm5_joKkLp8\/s1600\/contrap.JPG\" width=\"1000\" height=\"1007\" \/><\/p>\n<p>Boa noite, amigos cultos e ocultos. Hoje \u00e9 sexta feira e s\u00f3 para n\u00e3o esquecer, este foi o dia que por muito tempo eu adotei aqui como sendo o &#8216;dia do artista\/disco independente&#8217;. Por essas, por outras e mais outras, vou mandando aqui um compacto independente, gravado na Bemol nos anos 80. A Bemol, embora seja uma gravadora tradicional, nunca assumiu uma postura de editora. Muitos dos discos lan\u00e7ados com seu selo foram na verdade produ\u00e7\u00e3o independente. E como em Belo Horizonte, na \u00e9poca, s\u00f3 tinha mesmo a Bemol, todo mundo que podia, gravava l\u00e1.<br \/>\nBom, temos aqui o disco de um cara o qual eu vivia encontrando pelas ruas de Bel\u00f4. Depois sumiu, como quase tudo e todos produzidos naquela d\u00e9cada de 80. Seu nome \u00e9 Vito Mancini. Me lembro de t\u00ea-lo visto tocando em algum barzinho, naquela \u00e9poca. Fui procurar por ele no Google e tamb\u00e9m no Facebook, mas n\u00e3o achei nada. Ser\u00e1 que este cara ainda est\u00e1 na ativa? Foi o que eu me perguntei, pois quando a gente n\u00e3o encontra uma pista do &#8216;caboclo&#8217;, pode saber, abandonou o barco&#8230; Mas, enfim, falando do disco, temos aqui este compacto duplo no qual Vito Mancini nos apresenta quatro composi\u00e7\u00f5es pr\u00f3prias. O disquinho \u00e9 bem interessante e tem, sem d\u00favida, as suas qualidades. Come\u00e7ando pela pr\u00f3pria grava\u00e7\u00e3o, trabalho de primeira do veterano Dirceu Cheib. Vito vem acompanhado por um time de m\u00fasicos de primeira: C\u00e9lio Balona, Toninho do Carmo, Ezequiel Lima, Z\u00e9 Eust\u00e1quio e Maluf. Quem conhece a m\u00fasica mineira sabe bem o &#8216;naipe&#8217; dessa turma. E a m\u00fasica de Vito tem bem a cara de Minas, das coisas feitas na Geraes \ud83d\ude42 N\u00e3o sei bem ao certo, mas creio que o Vito Mancini chegou a gravar tamb\u00e9m um lp, com arranjos do Marilton Borges. Vou ver se acho esse disco para postar aqui. At\u00e9 l\u00e1, quem sabe, a gente consegue mais informa\u00e7\u00f5es sobre esse artist<a href=\"http:\/\/depositfiles.org\/files\/17rextgra\" target=\"_blank\">a<\/a>.<\/p>\n<div style=\"text-align: center;\">aluanda<\/div>\n<div style=\"text-align: center;\">dias de carnaval<\/div>\n<div style=\"text-align: center;\">d\u00ea-me um sorriso<\/div>\n<div style=\"text-align: center;\">tipo simples<\/div>\n<div style=\"text-align: center;\"><\/div>\n<div style=\"text-align: center;\">.<\/div>\n","protected":false},"excerpt":{"rendered":"<p>Boa noite, amigos cultos e ocultos. Hoje \u00e9 sexta feira e s\u00f3 para n\u00e3o esquecer, este foi o dia que por muito tempo eu adotei aqui como sendo o &#8216;dia do artista\/disco independente&#8217;. Por essas, por outras e mais outras, &hellip; <a href=\"https:\/\/www.toque-musicall.com\/?p=3867\">Continue lendo <span class=\"meta-nav\">&rarr;<\/span><\/a><\/p>\n","protected":false},"author":1,"featured_media":0,"comment_status":"open","ping_status":"closed","sticky":false,"template":"","format":"standard","meta":{"footnotes":""},"categories":[93,257,2312],"tags":[],"class_list":["post-3867","post","type-post","status-publish","format-standard","hentry","category-compactos","category-selo-bemol","category-vito-mancini"],"_links":{"self":[{"href":"https:\/\/www.toque-musicall.com\/index.php?rest_route=\/wp\/v2\/posts\/3867","targetHints":{"allow":["GET"]}}],"collection":[{"href":"https:\/\/www.toque-musicall.com\/index.php?rest_route=\/wp\/v2\/posts"}],"about":[{"href":"https:\/\/www.toque-musicall.com\/index.php?rest_route=\/wp\/v2\/types\/post"}],"author":[{"embeddable":true,"href":"https:\/\/www.toque-musicall.com\/index.php?rest_route=\/wp\/v2\/users\/1"}],"replies":[{"embeddable":true,"href":"https:\/\/www.toque-musicall.com\/index.php?rest_route=%2Fwp%2Fv2%2Fcomments&post=3867"}],"version-history":[{"count":1,"href":"https:\/\/www.toque-musicall.com\/index.php?rest_route=\/wp\/v2\/posts\/3867\/revisions"}],"predecessor-version":[{"id":3870,"href":"https:\/\/www.toque-musicall.com\/index.php?rest_route=\/wp\/v2\/posts\/3867\/revisions\/3870"}],"wp:attachment":[{"href":"https:\/\/www.toque-musicall.com\/index.php?rest_route=%2Fwp%2Fv2%2Fmedia&parent=3867"}],"wp:term":[{"taxonomy":"category","embeddable":true,"href":"https:\/\/www.toque-musicall.com\/index.php?rest_route=%2Fwp%2Fv2%2Fcategories&post=3867"},{"taxonomy":"post_tag","embeddable":true,"href":"https:\/\/www.toque-musicall.com\/index.php?rest_route=%2Fwp%2Fv2%2Ftags&post=3867"}],"curies":[{"name":"wp","href":"https:\/\/api.w.org\/{rel}","templated":true}]}}