{"id":387,"date":"2011-08-03T10:48:00","date_gmt":"2011-08-03T10:48:00","guid":{"rendered":"http:\/\/www.toque-musicall.com\/?p=387"},"modified":"2011-08-03T10:48:00","modified_gmt":"2011-08-03T10:48:00","slug":"catia-de-franca-20-palavras-ao-redor-do-sol-1979","status":"publish","type":"post","link":"https:\/\/www.toque-musicall.com\/?p=387","title":{"rendered":"C\u00e1tia De Fran\u00e7a &#8211; 20 Palavras Ao Redor do Sol (1979)"},"content":{"rendered":"<div style=\"clear: both; text-align: center;\"><a href=\"http:\/\/2.bp.blogspot.com\/-Fx3zXTcjYP8\/TjkbKHDsrnI\/AAAAAAAAIN0\/F2VAMU7aoa8\/s1600\/catia+P.JPG\" style=\"margin-left: 1em; margin-right: 1em;\"><img loading=\"lazy\" decoding=\"async\" border=\"0\" height=\"400\" src=\"http:\/\/2.bp.blogspot.com\/-Fx3zXTcjYP8\/TjkbKHDsrnI\/AAAAAAAAIN0\/F2VAMU7aoa8\/s400\/catia+P.JPG\" width=\"397\" \/><\/a><\/div>\n<p>Muito bom dia ao cultos e ocultos! Para manter o card\u00e1pio bem variado, atendendo a todos e inclusive a mim, estou hoje trazendo um disco que eu gosto muito e que sempre pensei em post\u00e1-lo aqui no Toque Musical, C\u00e1tia de Fran\u00e7a e seu excelente &#8220;20 palavras ao redor do sol&#8221;. Este \u00e1lbum, lan\u00e7ado nos anos 70, foi o primeiro disco solo gravado por esta artista paraibana, cantora, compositora e escritora. Nascida em Jo\u00e3o Pessoa, C\u00e1tia de Fran\u00e7a tem a sua trajet\u00f3ria musical que come\u00e7a nos anos 60, quando j\u00e1 participava de festivais e grupos folcl\u00f3ricos. Neste \u00e1lbum de estr\u00e9ia a cantora nos apresenta doze composi\u00e7\u00f5es pr\u00f3prias e parcerias, m\u00fasicas essas (algumas) compostas, tendo como base a poesia de Jo\u00e3o Cabral de Melo Neto.<br \/>As m\u00fasicas deste disco s\u00e3o \u00f3timas e ela ainda conta com participa\u00e7\u00f5es importantes como as de Sivuca, Z\u00e9 Ramalho, Chico Batera, Paulo Machado, Amelinha, Elba Ramalho e muitos outros. Se tem algu\u00e9m aqui que ainda n\u00e3o conhece este disco, t\u00e1 na hora&#8230; b\u00e3o demais!<\/p>\n<div style=\"text-align: center;\">o bonde<\/div>\n<div style=\"text-align: center;\">quem vai, quem vem<\/div>\n<div style=\"text-align: center;\">vinte palavras ao redor do sol<\/div>\n<div style=\"text-align: center;\">djaniras<\/div>\n<div style=\"text-align: center;\">kukukaia<\/div>\n<div style=\"text-align: center;\">itabaiana<\/div>\n<div style=\"text-align: center;\">porto de cabedelo<\/div>\n<div style=\"text-align: center;\">ensacado<\/div>\n<div style=\"text-align: center;\">coito das araras<\/div>\n<div style=\"text-align: center;\">os galos<\/div>\n<div style=\"text-align: center;\">sustenta a pisada<\/div>\n<div style=\"text-align: center;\">vou pegar o metr\u00f4<\/div>\n","protected":false},"excerpt":{"rendered":"<p>Muito bom dia ao cultos e ocultos! Para manter o card\u00e1pio bem variado, atendendo a todos e inclusive a mim, estou hoje trazendo um disco que eu gosto muito e que sempre pensei em post\u00e1-lo aqui no Toque Musical, C\u00e1tia &hellip; <a href=\"https:\/\/www.toque-musicall.com\/?p=387\">Continue lendo <span class=\"meta-nav\">&rarr;<\/span><\/a><\/p>\n","protected":false},"author":1,"featured_media":0,"comment_status":"open","ping_status":"closed","sticky":false,"template":"","format":"standard","meta":{"footnotes":""},"categories":[623,624],"tags":[],"class_list":["post-387","post","type-post","status-publish","format-standard","hentry","category-catia-de-franca","category-selo-epic"],"_links":{"self":[{"href":"https:\/\/www.toque-musicall.com\/index.php?rest_route=\/wp\/v2\/posts\/387","targetHints":{"allow":["GET"]}}],"collection":[{"href":"https:\/\/www.toque-musicall.com\/index.php?rest_route=\/wp\/v2\/posts"}],"about":[{"href":"https:\/\/www.toque-musicall.com\/index.php?rest_route=\/wp\/v2\/types\/post"}],"author":[{"embeddable":true,"href":"https:\/\/www.toque-musicall.com\/index.php?rest_route=\/wp\/v2\/users\/1"}],"replies":[{"embeddable":true,"href":"https:\/\/www.toque-musicall.com\/index.php?rest_route=%2Fwp%2Fv2%2Fcomments&post=387"}],"version-history":[{"count":0,"href":"https:\/\/www.toque-musicall.com\/index.php?rest_route=\/wp\/v2\/posts\/387\/revisions"}],"wp:attachment":[{"href":"https:\/\/www.toque-musicall.com\/index.php?rest_route=%2Fwp%2Fv2%2Fmedia&parent=387"}],"wp:term":[{"taxonomy":"category","embeddable":true,"href":"https:\/\/www.toque-musicall.com\/index.php?rest_route=%2Fwp%2Fv2%2Fcategories&post=387"},{"taxonomy":"post_tag","embeddable":true,"href":"https:\/\/www.toque-musicall.com\/index.php?rest_route=%2Fwp%2Fv2%2Ftags&post=387"}],"curies":[{"name":"wp","href":"https:\/\/api.w.org\/{rel}","templated":true}]}}