{"id":3877,"date":"2014-02-03T00:30:16","date_gmt":"2014-02-03T02:30:16","guid":{"rendered":"http:\/\/www.toque-musicall.com\/?p=3877"},"modified":"2014-02-04T07:13:16","modified_gmt":"2014-02-04T09:13:16","slug":"garota-de-ipanema-trilha-original-do-fime-1967","status":"publish","type":"post","link":"https:\/\/www.toque-musicall.com\/?p=3877","title":{"rendered":"Garota De Ipanema &#8211; Trilha Original Do Fime (1967)"},"content":{"rendered":"<p><img loading=\"lazy\" decoding=\"async\" class=\"aligncenter\" alt=\"\" src=\"http:\/\/2.bp.blogspot.com\/-0LVOQ94gBCc\/Uu70N5dQzrI\/AAAAAAAAIbA\/L4_tWh2j5uc\/s1600\/capap.JPG\" width=\"1000\" height=\"1022\" \/><img loading=\"lazy\" decoding=\"async\" class=\"aligncenter\" alt=\"\" src=\"http:\/\/1.bp.blogspot.com\/-doplLKKTNA0\/Uu70IpwEDoI\/AAAAAAAAIa4\/jWgmaSg76MU\/s1600\/contrap.JPG\" width=\"1000\" height=\"990\" \/><\/p>\n<div itemprop=\"articleBody\">Boa noite, amigos cultos e ocultos! Eu hoje estava para postar uma homenagem ao Nonato Buzar, que veio a falecer neste domingo. Pensei em postar algum disco dele, mas pecebi que n\u00e3o tenho nenhum al\u00e9m dos arquivos de dois dos seus trabalhos. S\u00f3 n\u00e3o postei porque n\u00e3o estava no padr\u00e3o TM, quer dizer, sem capa e contracapa. Mas ainda farei, quem sabe, uma colet\u00e2nea. Ele merece \ud83d\ude42<br \/>\nTamb\u00e9m perdemos o cineasta, num caso tr\u00e1gico, o cineasta Eduardo Coutinho. Fiquei pasmo com o caso. A vida imitando a fic\u00e7\u00e3o&#8230; loucura!<br \/>\nAcho que meio por conta do Cinema&#8217; foi que hoje eu decidi ent\u00e3o postar este disco, a trilha sonora do filme &#8220;Garota de Ipanema&#8221;, de Leon Hirszman. &#8216;Para me facilitar e tamb\u00e9m abrilhantar nossa postagem, vou pegando emprestado o\u00a0<a href=\"http:\/\/blogs.jovempan.uol.com.br\/cinema\/raridade-garota-de-ipanema-o-filme\/\" target=\"_blank\">texto escrito por Fernando Zamith<\/a>\u00a0em 2011 sobre o filme:<\/p>\n<div><i>Uma raridade.\u00a0<strong>\u201cGarota de Ipanema\u201d<\/strong>\u00a0(1967), de Leon Hirszman (1937-1987), \u00e9 um dos filmes brasileiros mais esquecidos da hist\u00f3ria. Que mist\u00e9rio cerca esse sumi\u00e7o? \u00c9 algo deliberado deix\u00e1-lo no limbo da mem\u00f3ria?<\/i><\/div>\n<div><i>Mesmo entre os defensores do cinema novo, h\u00e1 uma omiss\u00e3o velada. Parece at\u00e9 que apagaram os detalhes maiores da filmografia do cineasta de\u00a0\u201cEles N\u00e3o Usam Black-Tie\u201d\u00a0e\u00a0\u201cS\u00e3o Bernardo\u201d. Quando muito aparece s\u00f3 o nome do filme e o ano (1967) e pronto.<\/i><\/div>\n<div><i>Tamb\u00e9m pouca gente menciona que o co-roteirista do filme foi ningu\u00e9m menos do que Glauber Rocha, \u00edcone do movimento cinema novo. Glauber Rocha? Exatamente, mas em algumas fichas t\u00e9cnicas publicadas seu nome n\u00e3o aparece. Por que ser\u00e1?<\/i><\/div>\n<div><i>O filme n\u00e3o existe em DVD e nem ganhou lan\u00e7amento em fita VHS l\u00e1 pelos anos 80. Inspirada na can\u00e7\u00e3o mais celebrada de Antonio Carlos Jobim e das mais gravadas no mundo, o filme surpreendeu, pois nada trazia dos versos famosos da letra de Vinicius de Moraes.<\/i><\/div>\n<div><i>Nada a ver com a can\u00e7\u00e3o inspirada na garota adolescente da vida real (Hel\u00f4 Pinheiro). A garota do filme \u00e9 um personagem fict\u00edcio, a jovem M\u00e1rcia, de 17 anos, papel da atriz ent\u00e3o iniciante M\u00e1rcia Rodrigues. O roteiro ainda tem um cr\u00e9dito para Vinicius de Moraes (que aparece na tela), ao lado de Eduardo Coutinho.<\/i><\/div>\n<div><i><strong>\u201cGarota de Ipanema\u201d<\/strong>\u00a0\u2013 o filme \u00e9 mais um retrato social de pais e filhos no Rio de Janeiro dos anos 60. Um elenco de nomes famosos em pequenos pap\u00e9is. O jornalista Jo\u00e3o Saldanha, por exemplo, faz o pai da garota de Ipanema. Nas imagens do v\u00eddeo abaixo, voc\u00ea pode v\u00ea-lo entrando no Fusca estacionado numa rua do bairro.<\/i><\/div>\n<div><i>No filme, quem tamb\u00e9m aparece \u00e9 um jovenzinho Chico Buarque. E ele canta uma composi\u00e7\u00e3o que ficou famosa: \u201cNoite dos Mascarados\u201d. Ali\u00e1s, a trilha sonora \u00e9 um achado. H\u00e1 at\u00e9 um rock com letra de Vinicius de Moraes cantado por Ronnie Von. Eis o set-list da trilha original de\u00a0<strong>\u201cGarota de Ipanema\u201d<\/strong>, com base no LP de vinil. Quem se lembra dos lados A e\u00a0<a href=\"http:\/\/depositfiles.org\/files\/n9almlgnz\" target=\"_blank\">B<\/a>?:<\/i><\/div>\n<div><\/div>\n<div style=\"text-align: center;\">noite dos mascarados &#8211; elis regina e chico buarque<\/div>\n<div style=\"text-align: center;\">lamento do morro &#8211; nara le\u00e3o<\/div>\n<div style=\"text-align: center;\">surf board &#8211; orquestra<\/div>\n<div style=\"text-align: center;\">ela \u00e9 carioca &#8211; tamba trio<\/div>\n<div style=\"text-align: center;\">poema dos olhos da amada &#8211; vin\u00edcius de moraes<\/div>\n<div style=\"text-align: center;\">a queda &#8211; orquestra<\/div>\n<div style=\"text-align: center;\">tema de abertura (garota de ipanema) &#8211; orquestra<\/div>\n<div style=\"text-align: center;\">por voc\u00ea &#8211; ronnie von<\/div>\n<div style=\"text-align: center;\">chorinho &#8211; chico buarque<\/div>\n<div style=\"text-align: center;\">\u00e1ria para morrer de amor &#8211; baden powell<\/div>\n<div style=\"text-align: center;\">rancho das namoradas &#8211; quarteto em cy e mpb-4<\/div>\n<div style=\"text-align: center;\">tema da desilus\u00e3o (garota de ipanema) &#8211; orquestra<\/div>\n<\/div>\n<div style=\"text-align: center;\"><\/div>\n<div style=\"text-align: center;\">.<\/div>\n","protected":false},"excerpt":{"rendered":"<p>Boa noite, amigos cultos e ocultos! Eu hoje estava para postar uma homenagem ao Nonato Buzar, que veio a falecer neste domingo. Pensei em postar algum disco dele, mas pecebi que n\u00e3o tenho nenhum al\u00e9m dos arquivos de dois dos &hellip; <a href=\"https:\/\/www.toque-musicall.com\/?p=3877\">Continue lendo <span class=\"meta-nav\">&rarr;<\/span><\/a><\/p>\n","protected":false},"author":1,"featured_media":0,"comment_status":"open","ping_status":"closed","sticky":false,"template":"","format":"standard","meta":{"footnotes":""},"categories":[391,408,52,288,519,382,294,346,1119],"tags":[],"class_list":["post-3877","post","type-post","status-publish","format-standard","hentry","category-baden-powell","category-chico-buarque","category-elis-regina","category-nara-leao","category-ronnie-von","category-selo-fontana","category-tamba-trio","category-trilhas","category-vinicius-de-moraes"],"_links":{"self":[{"href":"https:\/\/www.toque-musicall.com\/index.php?rest_route=\/wp\/v2\/posts\/3877","targetHints":{"allow":["GET"]}}],"collection":[{"href":"https:\/\/www.toque-musicall.com\/index.php?rest_route=\/wp\/v2\/posts"}],"about":[{"href":"https:\/\/www.toque-musicall.com\/index.php?rest_route=\/wp\/v2\/types\/post"}],"author":[{"embeddable":true,"href":"https:\/\/www.toque-musicall.com\/index.php?rest_route=\/wp\/v2\/users\/1"}],"replies":[{"embeddable":true,"href":"https:\/\/www.toque-musicall.com\/index.php?rest_route=%2Fwp%2Fv2%2Fcomments&post=3877"}],"version-history":[{"count":2,"href":"https:\/\/www.toque-musicall.com\/index.php?rest_route=\/wp\/v2\/posts\/3877\/revisions"}],"predecessor-version":[{"id":3885,"href":"https:\/\/www.toque-musicall.com\/index.php?rest_route=\/wp\/v2\/posts\/3877\/revisions\/3885"}],"wp:attachment":[{"href":"https:\/\/www.toque-musicall.com\/index.php?rest_route=%2Fwp%2Fv2%2Fmedia&parent=3877"}],"wp:term":[{"taxonomy":"category","embeddable":true,"href":"https:\/\/www.toque-musicall.com\/index.php?rest_route=%2Fwp%2Fv2%2Fcategories&post=3877"},{"taxonomy":"post_tag","embeddable":true,"href":"https:\/\/www.toque-musicall.com\/index.php?rest_route=%2Fwp%2Fv2%2Ftags&post=3877"}],"curies":[{"name":"wp","href":"https:\/\/api.w.org\/{rel}","templated":true}]}}